{"id":3795,"date":"2020-11-19T13:46:57","date_gmt":"2020-11-19T12:46:57","guid":{"rendered":"https:\/\/gremidellibrers.com\/?p=3795"},"modified":"2025-09-19T14:55:58","modified_gmt":"2025-09-19T12:55:58","slug":"la-55-fira-del-llibre-llega-a-mas-de-1600-escolares-de-15-centros-educativos","status":"publish","type":"post","link":"https:\/\/gremidellibrers.com\/es\/la-55-fira-del-llibre-llega-a-mas-de-1600-escolares-de-15-centros-educativos\/","title":{"rendered":"LA 55 FIRA DEL LLIBRE LLEGA A M\u00c1S DE 1600 ESCOLARES DE 15 CENTROS EDUCATIVOS"},"content":{"rendered":"<p><strong>\u2022\tLa programaci\u00f3n escolar cuenta este a\u00f1o con 15 actividades de fomento lector.<br \/>\n\u2022\tLa programaci\u00f3n general contin\u00faa hoy a trav\u00e9s de www.firallibre.com, y de las redes sociales de la Fira.<\/strong><\/p>\n<p><strong>La 55 edici\u00f3n Fira del Llibre de Val\u00e8ncia, que se celebra este a\u00f1o del 13 al 22 de noviembre, llega a m\u00e1s de 1600 escolares de 15 centros educativos diferentes<\/strong>, situados en localidades, como Val\u00e8ncia, Alboraia, El Puig, Quart de Poblet, Algemes\u00ed, Alfafar, Godella y Mislata. <\/p>\n<p>Durante esta edici\u00f3n, la Fira ha decidido programar las actividades habituales de fomento lector en los propios centros educativos, que disponen de espacios al aire libre y salones de actos adecuados a las condiciones marcadas por los protocolos Covid-19. Estas actividades son un eje fundamental de la programaci\u00f3n de fomento lector de la Fira, ya que llegan a escolares de todas las edades, desde los 6 hasta los 18 a\u00f1os.  <\/p>\n<p>En esta edici\u00f3n, hay programadas <strong>dos actividades de animaci\u00f3n lectora, siete espect\u00e1culos,<\/strong> a cargo de compa\u00f1\u00edas como Teatre Buffo, Teatre Crit, o Depaper, y de profesionales como Francesc Any\u00f3 y Andreu Valor, o Almudena Franc\u00e9s i Lluc, y <strong>seis cuentacuentos<\/strong>, a cargo de colaboradores habituales de la Fira como Mar Benegas, Pablo Albo, Assumpta Mercader, Fran Pintadera, Domingo Chinchilla, y N\u00faria Urioz.<\/p>\n<p><strong>La programaci\u00f3n general contin\u00faa hoy<\/strong><br \/>\nLa programaci\u00f3n contin\u00faa hoy, jueves 19 de noviembre, con las presentaciones a las 17:30h del libro <em>No morir\u00e1s<\/em><strong>, de <strong>Blas Ruiz<\/strong>, la \u00faltima parte de la trilog\u00eda de misterio del escritor alicantino, y, a las 18:00h, de <em>La chica de nieve<\/em><\/strong>, el \u00faltimo thriller de <strong>Javier Castillo<\/strong>.<\/p>\n<p>Despu\u00e9s, a las 18:30h, <strong>Lorenzo Silva<\/strong> presentar\u00e1 <strong>El mal de Corcira<\/strong><em>, una nueva historia con el guardia civil Bevilacqua como protagonista, y, a las 19:30h, <strong>Gonzalo Giner<\/strong> se conectar\u00e1 para hablar de la obra, <em>La bruma verde<\/em><strong>, ganadora del Premio Fernado Lara 2020. La programaci\u00f3n del jueves finalizar\u00e1 con la presentaci\u00f3n del libro <em>Salsa<\/em><\/strong>, escrito por<strong> Adri\u00e0 Salas,<\/strong> cantante del grupo La Pegatina, a las 20:00h.<br \/>\n<strong><br \/>\nTambi\u00e9n, desde hoy, hasta el domingo 22 de noviembre a les 14.00h, la Fira sortear\u00e1 cinco lotes de material promocional (camiseta, taza y mascarilla) y un lote de libros presentados en la 55 edici\u00f3n, a trav\u00e9s de su cuenta de Instagram (@firallibrevlc). <\/strong><\/p>\n<p>Totas las actividades de la Fira se podr\u00e1n seguir desde el web www.firallibre.com, el canal de YouTube Fira del Llibre de Val\u00e8ncia, y las redes sociales de la Fira: Instagram, Twitter, Facebook, desde cualquier dispositivo m\u00f3vil.<\/p>\n<p>La Fira es posible gracias a la colaboraci\u00f3n imprescindible del Ministerio de Cultura, la Generalitat Valenciana, la Direcci\u00f3n General de Cultura y Patrimonio, Diputaci\u00f3n de Val\u00e8ncia, el Ayuntamiento de Val\u00e8ncia y la EMT; entre sus patrocinadores privados destacan Caixa Popular, Fundaci\u00f3 Oceanogr\u00e0fic-Aguas de Val\u00e8ncia o Random House.<\/p>\n","protected":false},"excerpt":{"rendered":"<p>\u2022 La programaci\u00f3n escolar cuenta este a\u00f1o con 15 actividades de fomento lector. \u2022 La programaci\u00f3n general contin\u00faa hoy a trav\u00e9s de www.firallibre.com, y de las redes sociales de la Fira. La 55 edici\u00f3n Fira del Llibre de Val\u00e8ncia, que se celebra este a\u00f1o del 13 al 22 de noviembre, llega a m\u00e1s de 1600&hellip;<\/p>\n","protected":false},"author":1,"featured_media":3792,"comment_status":"closed","ping_status":"closed","sticky":true,"template":"","format":"standard","meta":{"_acf_changed":false,"footnotes":""},"categories":[1],"tags":[],"class_list":["post-3795","post","type-post","status-publish","format-standard","has-post-thumbnail","hentry","category-sin-categoria"],"acf":[],"yoast_head":"<!-- This site is optimized with the Yoast SEO plugin v26.6 - https:\/\/yoast.com\/wordpress\/plugins\/seo\/ -->\n<title>LA 55 FIRA DEL LLIBRE LLEGA A M\u00c1S DE 1600 ESCOLARES DE 15 CENTROS EDUCATIVOS - Gremi de Llibrers<\/title>\n<meta name=\"robots\" content=\"index, follow, max-snippet:-1, max-image-preview:large, max-video-preview:-1\" \/>\n<link rel=\"canonical\" href=\"https:\/\/gremidellibrers.com\/es\/la-55-fira-del-llibre-llega-a-mas-de-1600-escolares-de-15-centros-educativos\/\" \/>\n<meta property=\"og:locale\" content=\"es_ES\" \/>\n<meta property=\"og:type\" content=\"article\" \/>\n<meta property=\"og:title\" content=\"LA 55 FIRA DEL LLIBRE LLEGA A M\u00c1S DE 1600 ESCOLARES DE 15 CENTROS EDUCATIVOS - Gremi de Llibrers\" \/>\n<meta property=\"og:description\" content=\"\u2022 La programaci\u00f3n escolar cuenta este a\u00f1o con 15 actividades de fomento lector. \u2022 La programaci\u00f3n general contin\u00faa hoy a trav\u00e9s de www.firallibre.com, y de las redes sociales de la Fira. La 55 edici\u00f3n Fira del Llibre de Val\u00e8ncia, que se celebra este a\u00f1o del 13 al 22 de noviembre, llega a m\u00e1s de 1600&hellip;\" \/>\n<meta property=\"og:url\" content=\"https:\/\/gremidellibrers.com\/es\/la-55-fira-del-llibre-llega-a-mas-de-1600-escolares-de-15-centros-educativos\/\" \/>\n<meta property=\"og:site_name\" content=\"Gremi de Llibrers\" \/>\n<meta property=\"article:published_time\" content=\"2020-11-19T12:46:57+00:00\" \/>\n<meta property=\"article:modified_time\" content=\"2025-09-19T12:55:58+00:00\" \/>\n<meta property=\"og:image\" content=\"https:\/\/gremidellibrers.com\/wp-content\/uploads\/2020\/11\/Una-pometa-i-un-pomer-19-nov-scaled-1.jpg\" \/>\n\t<meta property=\"og:image:width\" content=\"2560\" \/>\n\t<meta property=\"og:image:height\" content=\"1707\" \/>\n\t<meta property=\"og:image:type\" content=\"image\/jpeg\" \/>\n<meta name=\"author\" content=\"mibbo\" \/>\n<meta name=\"twitter:card\" content=\"summary_large_image\" \/>\n<meta name=\"twitter:label1\" content=\"Escrito por\" \/>\n\t<meta name=\"twitter:data1\" content=\"mibbo\" \/>\n\t<meta name=\"twitter:label2\" content=\"Tiempo de lectura\" \/>\n\t<meta name=\"twitter:data2\" content=\"2 minutos\" \/>\n<script type=\"application\/ld+json\" class=\"yoast-schema-graph\">{\"@context\":\"https:\/\/schema.org\",\"@graph\":[{\"@type\":\"WebPage\",\"@id\":\"https:\/\/gremidellibrers.com\/es\/la-55-fira-del-llibre-llega-a-mas-de-1600-escolares-de-15-centros-educativos\/\",\"url\":\"https:\/\/gremidellibrers.com\/es\/la-55-fira-del-llibre-llega-a-mas-de-1600-escolares-de-15-centros-educativos\/\",\"name\":\"LA 55 FIRA DEL LLIBRE LLEGA A M\u00c1S DE 1600 ESCOLARES DE 15 CENTROS EDUCATIVOS - Gremi de Llibrers\",\"isPartOf\":{\"@id\":\"https:\/\/gremidellibrers.com\/es\/#website\"},\"primaryImageOfPage\":{\"@id\":\"https:\/\/gremidellibrers.com\/es\/la-55-fira-del-llibre-llega-a-mas-de-1600-escolares-de-15-centros-educativos\/#primaryimage\"},\"image\":{\"@id\":\"https:\/\/gremidellibrers.com\/es\/la-55-fira-del-llibre-llega-a-mas-de-1600-escolares-de-15-centros-educativos\/#primaryimage\"},\"thumbnailUrl\":\"https:\/\/gremidellibrers.com\/wp-content\/uploads\/2020\/11\/Una-pometa-i-un-pomer-19-nov-scaled-1.jpg\",\"datePublished\":\"2020-11-19T12:46:57+00:00\",\"dateModified\":\"2025-09-19T12:55:58+00:00\",\"author\":{\"@id\":\"https:\/\/gremidellibrers.com\/es\/#\/schema\/person\/38789e69db1be6639ed00cfef378c49e\"},\"breadcrumb\":{\"@id\":\"https:\/\/gremidellibrers.com\/es\/la-55-fira-del-llibre-llega-a-mas-de-1600-escolares-de-15-centros-educativos\/#breadcrumb\"},\"inLanguage\":\"es\",\"potentialAction\":[{\"@type\":\"ReadAction\",\"target\":[\"https:\/\/gremidellibrers.com\/es\/la-55-fira-del-llibre-llega-a-mas-de-1600-escolares-de-15-centros-educativos\/\"]}]},{\"@type\":\"ImageObject\",\"inLanguage\":\"es\",\"@id\":\"https:\/\/gremidellibrers.com\/es\/la-55-fira-del-llibre-llega-a-mas-de-1600-escolares-de-15-centros-educativos\/#primaryimage\",\"url\":\"https:\/\/gremidellibrers.com\/wp-content\/uploads\/2020\/11\/Una-pometa-i-un-pomer-19-nov-scaled-1.jpg\",\"contentUrl\":\"https:\/\/gremidellibrers.com\/wp-content\/uploads\/2020\/11\/Una-pometa-i-un-pomer-19-nov-scaled-1.jpg\",\"width\":2560,\"height\":1707},{\"@type\":\"BreadcrumbList\",\"@id\":\"https:\/\/gremidellibrers.com\/es\/la-55-fira-del-llibre-llega-a-mas-de-1600-escolares-de-15-centros-educativos\/#breadcrumb\",\"itemListElement\":[{\"@type\":\"ListItem\",\"position\":1,\"name\":\"Home\",\"item\":\"https:\/\/gremidellibrers.com\/es\/\"},{\"@type\":\"ListItem\",\"position\":2,\"name\":\"LA 55 FIRA DEL LLIBRE LLEGA A M\u00c1S DE 1600 ESCOLARES DE 15 CENTROS EDUCATIVOS\"}]},{\"@type\":\"WebSite\",\"@id\":\"https:\/\/gremidellibrers.com\/es\/#website\",\"url\":\"https:\/\/gremidellibrers.com\/es\/\",\"name\":\"Gremi de Llibrers\",\"description\":\"\",\"potentialAction\":[{\"@type\":\"SearchAction\",\"target\":{\"@type\":\"EntryPoint\",\"urlTemplate\":\"https:\/\/gremidellibrers.com\/es\/?s={search_term_string}\"},\"query-input\":{\"@type\":\"PropertyValueSpecification\",\"valueRequired\":true,\"valueName\":\"search_term_string\"}}],\"inLanguage\":\"es\"},{\"@type\":\"Person\",\"@id\":\"https:\/\/gremidellibrers.com\/es\/#\/schema\/person\/38789e69db1be6639ed00cfef378c49e\",\"name\":\"mibbo\",\"image\":{\"@type\":\"ImageObject\",\"inLanguage\":\"es\",\"@id\":\"https:\/\/gremidellibrers.com\/es\/#\/schema\/person\/image\/\",\"url\":\"https:\/\/secure.gravatar.com\/avatar\/8924df24df9e17a0afdccf11d177c168c3efabe5f47d930e6894ab19ae1f7a3b?s=96&d=mm&r=g\",\"contentUrl\":\"https:\/\/secure.gravatar.com\/avatar\/8924df24df9e17a0afdccf11d177c168c3efabe5f47d930e6894ab19ae1f7a3b?s=96&d=mm&r=g\",\"caption\":\"mibbo\"},\"sameAs\":[\"https:\/\/gremidellibrers.com\/\"],\"url\":\"https:\/\/gremidellibrers.com\/es\/author\/mibbo\/\"}]}<\/script>\n<!-- \/ Yoast SEO plugin. -->","yoast_head_json":{"title":"LA 55 FIRA DEL LLIBRE LLEGA A M\u00c1S DE 1600 ESCOLARES DE 15 CENTROS EDUCATIVOS - Gremi de Llibrers","robots":{"index":"index","follow":"follow","max-snippet":"max-snippet:-1","max-image-preview":"max-image-preview:large","max-video-preview":"max-video-preview:-1"},"canonical":"https:\/\/gremidellibrers.com\/es\/la-55-fira-del-llibre-llega-a-mas-de-1600-escolares-de-15-centros-educativos\/","og_locale":"es_ES","og_type":"article","og_title":"LA 55 FIRA DEL LLIBRE LLEGA A M\u00c1S DE 1600 ESCOLARES DE 15 CENTROS EDUCATIVOS - Gremi de Llibrers","og_description":"\u2022 La programaci\u00f3n escolar cuenta este a\u00f1o con 15 actividades de fomento lector. \u2022 La programaci\u00f3n general contin\u00faa hoy a trav\u00e9s de www.firallibre.com, y de las redes sociales de la Fira. La 55 edici\u00f3n Fira del Llibre de Val\u00e8ncia, que se celebra este a\u00f1o del 13 al 22 de noviembre, llega a m\u00e1s de 1600&hellip;","og_url":"https:\/\/gremidellibrers.com\/es\/la-55-fira-del-llibre-llega-a-mas-de-1600-escolares-de-15-centros-educativos\/","og_site_name":"Gremi de Llibrers","article_published_time":"2020-11-19T12:46:57+00:00","article_modified_time":"2025-09-19T12:55:58+00:00","og_image":[{"width":2560,"height":1707,"url":"https:\/\/gremidellibrers.com\/wp-content\/uploads\/2020\/11\/Una-pometa-i-un-pomer-19-nov-scaled-1.jpg","type":"image\/jpeg"}],"author":"mibbo","twitter_card":"summary_large_image","twitter_misc":{"Escrito por":"mibbo","Tiempo de lectura":"2 minutos"},"schema":{"@context":"https:\/\/schema.org","@graph":[{"@type":"WebPage","@id":"https:\/\/gremidellibrers.com\/es\/la-55-fira-del-llibre-llega-a-mas-de-1600-escolares-de-15-centros-educativos\/","url":"https:\/\/gremidellibrers.com\/es\/la-55-fira-del-llibre-llega-a-mas-de-1600-escolares-de-15-centros-educativos\/","name":"LA 55 FIRA DEL LLIBRE LLEGA A M\u00c1S DE 1600 ESCOLARES DE 15 CENTROS EDUCATIVOS - Gremi de Llibrers","isPartOf":{"@id":"https:\/\/gremidellibrers.com\/es\/#website"},"primaryImageOfPage":{"@id":"https:\/\/gremidellibrers.com\/es\/la-55-fira-del-llibre-llega-a-mas-de-1600-escolares-de-15-centros-educativos\/#primaryimage"},"image":{"@id":"https:\/\/gremidellibrers.com\/es\/la-55-fira-del-llibre-llega-a-mas-de-1600-escolares-de-15-centros-educativos\/#primaryimage"},"thumbnailUrl":"https:\/\/gremidellibrers.com\/wp-content\/uploads\/2020\/11\/Una-pometa-i-un-pomer-19-nov-scaled-1.jpg","datePublished":"2020-11-19T12:46:57+00:00","dateModified":"2025-09-19T12:55:58+00:00","author":{"@id":"https:\/\/gremidellibrers.com\/es\/#\/schema\/person\/38789e69db1be6639ed00cfef378c49e"},"breadcrumb":{"@id":"https:\/\/gremidellibrers.com\/es\/la-55-fira-del-llibre-llega-a-mas-de-1600-escolares-de-15-centros-educativos\/#breadcrumb"},"inLanguage":"es","potentialAction":[{"@type":"ReadAction","target":["https:\/\/gremidellibrers.com\/es\/la-55-fira-del-llibre-llega-a-mas-de-1600-escolares-de-15-centros-educativos\/"]}]},{"@type":"ImageObject","inLanguage":"es","@id":"https:\/\/gremidellibrers.com\/es\/la-55-fira-del-llibre-llega-a-mas-de-1600-escolares-de-15-centros-educativos\/#primaryimage","url":"https:\/\/gremidellibrers.com\/wp-content\/uploads\/2020\/11\/Una-pometa-i-un-pomer-19-nov-scaled-1.jpg","contentUrl":"https:\/\/gremidellibrers.com\/wp-content\/uploads\/2020\/11\/Una-pometa-i-un-pomer-19-nov-scaled-1.jpg","width":2560,"height":1707},{"@type":"BreadcrumbList","@id":"https:\/\/gremidellibrers.com\/es\/la-55-fira-del-llibre-llega-a-mas-de-1600-escolares-de-15-centros-educativos\/#breadcrumb","itemListElement":[{"@type":"ListItem","position":1,"name":"Home","item":"https:\/\/gremidellibrers.com\/es\/"},{"@type":"ListItem","position":2,"name":"LA 55 FIRA DEL LLIBRE LLEGA A M\u00c1S DE 1600 ESCOLARES DE 15 CENTROS EDUCATIVOS"}]},{"@type":"WebSite","@id":"https:\/\/gremidellibrers.com\/es\/#website","url":"https:\/\/gremidellibrers.com\/es\/","name":"Gremi de Llibrers","description":"","potentialAction":[{"@type":"SearchAction","target":{"@type":"EntryPoint","urlTemplate":"https:\/\/gremidellibrers.com\/es\/?s={search_term_string}"},"query-input":{"@type":"PropertyValueSpecification","valueRequired":true,"valueName":"search_term_string"}}],"inLanguage":"es"},{"@type":"Person","@id":"https:\/\/gremidellibrers.com\/es\/#\/schema\/person\/38789e69db1be6639ed00cfef378c49e","name":"mibbo","image":{"@type":"ImageObject","inLanguage":"es","@id":"https:\/\/gremidellibrers.com\/es\/#\/schema\/person\/image\/","url":"https:\/\/secure.gravatar.com\/avatar\/8924df24df9e17a0afdccf11d177c168c3efabe5f47d930e6894ab19ae1f7a3b?s=96&d=mm&r=g","contentUrl":"https:\/\/secure.gravatar.com\/avatar\/8924df24df9e17a0afdccf11d177c168c3efabe5f47d930e6894ab19ae1f7a3b?s=96&d=mm&r=g","caption":"mibbo"},"sameAs":["https:\/\/gremidellibrers.com\/"],"url":"https:\/\/gremidellibrers.com\/es\/author\/mibbo\/"}]}},"_links":{"self":[{"href":"https:\/\/gremidellibrers.com\/es\/wp-json\/wp\/v2\/posts\/3795","targetHints":{"allow":["GET"]}}],"collection":[{"href":"https:\/\/gremidellibrers.com\/es\/wp-json\/wp\/v2\/posts"}],"about":[{"href":"https:\/\/gremidellibrers.com\/es\/wp-json\/wp\/v2\/types\/post"}],"author":[{"embeddable":true,"href":"https:\/\/gremidellibrers.com\/es\/wp-json\/wp\/v2\/users\/1"}],"replies":[{"embeddable":true,"href":"https:\/\/gremidellibrers.com\/es\/wp-json\/wp\/v2\/comments?post=3795"}],"version-history":[{"count":0,"href":"https:\/\/gremidellibrers.com\/es\/wp-json\/wp\/v2\/posts\/3795\/revisions"}],"wp:featuredmedia":[{"embeddable":true,"href":"https:\/\/gremidellibrers.com\/es\/wp-json\/wp\/v2\/media\/3792"}],"wp:attachment":[{"href":"https:\/\/gremidellibrers.com\/es\/wp-json\/wp\/v2\/media?parent=3795"}],"wp:term":[{"taxonomy":"category","embeddable":true,"href":"https:\/\/gremidellibrers.com\/es\/wp-json\/wp\/v2\/categories?post=3795"},{"taxonomy":"post_tag","embeddable":true,"href":"https:\/\/gremidellibrers.com\/es\/wp-json\/wp\/v2\/tags?post=3795"}],"curies":[{"name":"wp","href":"https:\/\/api.w.org\/{rel}","templated":true}]}}