{"id":4203,"date":"2021-04-13T12:43:40","date_gmt":"2021-04-13T10:43:40","guid":{"rendered":"https:\/\/gremidellibrers.com\/?p=4203"},"modified":"2025-09-19T14:55:59","modified_gmt":"2025-09-19T12:55:59","slug":"las-librerias-se-convierten-en-emisarias-de-sant-jordi-del-19-al-23-de-abril","status":"publish","type":"post","link":"https:\/\/gremidellibrers.com\/es\/las-librerias-se-convierten-en-emisarias-de-sant-jordi-del-19-al-23-de-abril\/","title":{"rendered":"Las librer\u00edas se convierten en emisarias de Sant Jordi del 19 al 23 de abril"},"content":{"rendered":"<p><strong>La semana del 19 al 23 de abril, para celebrar el D\u00eda del Libro, las librer\u00edas se convierten en emisarias de Sant Jordi, con la campa\u00f1a \u201cTinc un llibre per a tu\u201d<\/strong>. Con esta iniciativa, el Gremi de Llibrers de Val\u00e8ncia propone a la ciudadan\u00eda <strong>comprar, a partir del lunes 19 de abril, un libro para su pareja, amistad o familiares, y dejarlo en la librer\u00eda, para que el librero o librera sorprenda a la persona deseada dici\u00e9ndole que tiene un libro para \u00e9l\/ella, esper\u00e1ndolo en su librer\u00eda, el 23 de abril<\/strong>.  <\/p>\n<p><strong>El presidente del Gremi de Llibrers, Juan Pedro Font de Mora<\/strong>, remarca que \u201cel d\u00eda 23 es la gran fiesta del libro\u201d, y <strong>anima a participar en la campa\u00f1a porque \u201ces una fiesta muy bonita y la costumbre de regalar un libro a la persona que quieres o admiras es muy rom\u00e1ntica\u201d. <\/strong><\/p>\n<p><strong>\u201cEs una forma de compartir ese mundo de aventuras, de ficci\u00f3n, de deseos, de viajar a trav\u00e9s de universos imaginativos. En los tiempos actuales, es momento de sumergirnos en un mundo tranquilo y reflexivo, simplemente, a trav\u00e9s de la lectura\u201d, a\u00f1ade Juan Pedro Font de Mora. <\/strong><\/p>\n<p>La campa\u00f1a busca fomentar que, durante ese d\u00eda, las librer\u00edas sean centros de recogida de libros. Tambi\u00e9n, trata de favorecer la compra en el peque\u00f1o comercio y de potenciar la imagen de las librer\u00edas como centros culturales de primer orden.  <\/p>\n<p><strong>Las persones interesadas podr\u00e1n participar visitando alguna de las 37 librer\u00edas siguientes<\/strong>, distribuidas por la provincia de Valencia y Alacant: <strong>Librer\u00eda Cuentos de F\u00e1bula<\/strong> (Aldaia),<strong> Llibreria Samaruc<\/strong> (Algemes\u00ed), <strong>Somnis de Paper <\/strong>(Benet\u00fasser),<strong> Llibreria In\u00e9s<\/strong> (Cullera), <strong>Ambra Llibres<\/strong> (Gandia), <strong>L\u2019Esplai Llibres<\/strong> (L\u2019Alc\u00fadia), <strong>Librer\u00eda Shalakabula<\/strong> (Mislata), <strong>Librer\u00eda Railowsky Moncada<\/strong>, <strong>Llibreria Papiro<\/strong> (Muro d\u2019Alcoi), <strong>La Llibreria<\/strong> (Ontinyent), <strong>La Moixeranga <\/strong>(Paiporta), <strong>Papeler\u00eda Passarella <\/strong>(Picanya), <strong>Llibreria Nord <\/strong>(Picassent), <strong>Librer\u00eda Llum de Lluna<\/strong> (Quart de Poblet), <strong>Librer\u00eda El Puerto<\/strong> (Sagunt), <strong>L\u2019Eixam<\/strong> (Tavernes Blanques), <strong>Nova Llibres<\/strong> (Torrent), <strong>Llibreria La Costera<\/strong> (X\u00e0tiva).<\/p>\n<p>En la ciudad de <strong>Val\u00e8ncia<\/strong>, participan <strong>Llibreria Railowsky, Librer\u00eda Soriano, Estudio 64, Atenea, Gaia, Librer\u00eda Primado, Librer\u00eda Patagonia, Bangarang, La Rossa, Leolo, Librer\u00eda Viridiana, Lirber\u00eda de Idiomas Babel, Librer\u00eda Segu\u00ed, La Tenda de la Universitat de Val\u00e8ncia, Agust\u00ed Papeler\u00eda, Llibreria Tirant lo Blanch, La Traca, Greyhskull C\u00f3mics y El Imperio de Libros. <\/strong><\/p>\n","protected":false},"excerpt":{"rendered":"<p>La semana del 19 al 23 de abril, para celebrar el D\u00eda del Libro, las librer\u00edas se convierten en emisarias de Sant Jordi, con la campa\u00f1a \u201cTinc un llibre per a tu\u201d. Con esta iniciativa, el Gremi de Llibrers de Val\u00e8ncia propone a la ciudadan\u00eda comprar, a partir del lunes 19 de abril, un libro&hellip;<\/p>\n","protected":false},"author":1,"featured_media":4201,"comment_status":"closed","ping_status":"closed","sticky":true,"template":"","format":"standard","meta":{"_acf_changed":false,"footnotes":""},"categories":[160],"tags":[167,156],"class_list":["post-4203","post","type-post","status-publish","format-standard","has-post-thumbnail","hentry","category-destacados","tag-comunitat-valenciana-es","tag-dia-del-llibre-es"],"acf":[],"yoast_head":"<!-- This site is optimized with the Yoast SEO plugin v26.6 - https:\/\/yoast.com\/wordpress\/plugins\/seo\/ -->\n<title>Las librer\u00edas se convierten en emisarias de Sant Jordi del 19 al 23 de abril - Gremi de Llibrers<\/title>\n<meta name=\"robots\" content=\"index, follow, max-snippet:-1, max-image-preview:large, max-video-preview:-1\" \/>\n<link rel=\"canonical\" href=\"https:\/\/gremidellibrers.com\/es\/las-librerias-se-convierten-en-emisarias-de-sant-jordi-del-19-al-23-de-abril\/\" \/>\n<meta property=\"og:locale\" content=\"es_ES\" \/>\n<meta property=\"og:type\" content=\"article\" \/>\n<meta property=\"og:title\" content=\"Las librer\u00edas se convierten en emisarias de Sant Jordi del 19 al 23 de abril - Gremi de Llibrers\" \/>\n<meta property=\"og:description\" content=\"La semana del 19 al 23 de abril, para celebrar el D\u00eda del Libro, las librer\u00edas se convierten en emisarias de Sant Jordi, con la campa\u00f1a \u201cTinc un llibre per a tu\u201d. Con esta iniciativa, el Gremi de Llibrers de Val\u00e8ncia propone a la ciudadan\u00eda comprar, a partir del lunes 19 de abril, un libro&hellip;\" \/>\n<meta property=\"og:url\" content=\"https:\/\/gremidellibrers.com\/es\/las-librerias-se-convierten-en-emisarias-de-sant-jordi-del-19-al-23-de-abril\/\" \/>\n<meta property=\"og:site_name\" content=\"Gremi de Llibrers\" \/>\n<meta property=\"article:published_time\" content=\"2021-04-13T10:43:40+00:00\" \/>\n<meta property=\"article:modified_time\" content=\"2025-09-19T12:55:59+00:00\" \/>\n<meta property=\"og:image\" content=\"https:\/\/gremidellibrers.com\/wp-content\/uploads\/2021\/04\/post_1-1.jpg\" \/>\n\t<meta property=\"og:image:width\" content=\"1080\" \/>\n\t<meta property=\"og:image:height\" content=\"1080\" \/>\n\t<meta property=\"og:image:type\" content=\"image\/jpeg\" \/>\n<meta name=\"author\" content=\"mibbo\" \/>\n<meta name=\"twitter:card\" content=\"summary_large_image\" \/>\n<meta name=\"twitter:label1\" content=\"Escrito por\" \/>\n\t<meta name=\"twitter:data1\" content=\"mibbo\" \/>\n\t<meta name=\"twitter:label2\" content=\"Tiempo de lectura\" \/>\n\t<meta name=\"twitter:data2\" content=\"2 minutos\" \/>\n<script type=\"application\/ld+json\" class=\"yoast-schema-graph\">{\"@context\":\"https:\/\/schema.org\",\"@graph\":[{\"@type\":\"WebPage\",\"@id\":\"https:\/\/gremidellibrers.com\/es\/las-librerias-se-convierten-en-emisarias-de-sant-jordi-del-19-al-23-de-abril\/\",\"url\":\"https:\/\/gremidellibrers.com\/es\/las-librerias-se-convierten-en-emisarias-de-sant-jordi-del-19-al-23-de-abril\/\",\"name\":\"Las librer\u00edas se convierten en emisarias de Sant Jordi del 19 al 23 de abril - Gremi de Llibrers\",\"isPartOf\":{\"@id\":\"https:\/\/gremidellibrers.com\/es\/#website\"},\"primaryImageOfPage\":{\"@id\":\"https:\/\/gremidellibrers.com\/es\/las-librerias-se-convierten-en-emisarias-de-sant-jordi-del-19-al-23-de-abril\/#primaryimage\"},\"image\":{\"@id\":\"https:\/\/gremidellibrers.com\/es\/las-librerias-se-convierten-en-emisarias-de-sant-jordi-del-19-al-23-de-abril\/#primaryimage\"},\"thumbnailUrl\":\"https:\/\/gremidellibrers.com\/wp-content\/uploads\/2021\/04\/post_1-1.jpg\",\"datePublished\":\"2021-04-13T10:43:40+00:00\",\"dateModified\":\"2025-09-19T12:55:59+00:00\",\"author\":{\"@id\":\"https:\/\/gremidellibrers.com\/es\/#\/schema\/person\/38789e69db1be6639ed00cfef378c49e\"},\"breadcrumb\":{\"@id\":\"https:\/\/gremidellibrers.com\/es\/las-librerias-se-convierten-en-emisarias-de-sant-jordi-del-19-al-23-de-abril\/#breadcrumb\"},\"inLanguage\":\"es\",\"potentialAction\":[{\"@type\":\"ReadAction\",\"target\":[\"https:\/\/gremidellibrers.com\/es\/las-librerias-se-convierten-en-emisarias-de-sant-jordi-del-19-al-23-de-abril\/\"]}]},{\"@type\":\"ImageObject\",\"inLanguage\":\"es\",\"@id\":\"https:\/\/gremidellibrers.com\/es\/las-librerias-se-convierten-en-emisarias-de-sant-jordi-del-19-al-23-de-abril\/#primaryimage\",\"url\":\"https:\/\/gremidellibrers.com\/wp-content\/uploads\/2021\/04\/post_1-1.jpg\",\"contentUrl\":\"https:\/\/gremidellibrers.com\/wp-content\/uploads\/2021\/04\/post_1-1.jpg\",\"width\":1080,\"height\":1080},{\"@type\":\"BreadcrumbList\",\"@id\":\"https:\/\/gremidellibrers.com\/es\/las-librerias-se-convierten-en-emisarias-de-sant-jordi-del-19-al-23-de-abril\/#breadcrumb\",\"itemListElement\":[{\"@type\":\"ListItem\",\"position\":1,\"name\":\"Home\",\"item\":\"https:\/\/gremidellibrers.com\/es\/\"},{\"@type\":\"ListItem\",\"position\":2,\"name\":\"Las librer\u00edas se convierten en emisarias de Sant Jordi del 19 al 23 de abril\"}]},{\"@type\":\"WebSite\",\"@id\":\"https:\/\/gremidellibrers.com\/es\/#website\",\"url\":\"https:\/\/gremidellibrers.com\/es\/\",\"name\":\"Gremi de Llibrers\",\"description\":\"\",\"potentialAction\":[{\"@type\":\"SearchAction\",\"target\":{\"@type\":\"EntryPoint\",\"urlTemplate\":\"https:\/\/gremidellibrers.com\/es\/?s={search_term_string}\"},\"query-input\":{\"@type\":\"PropertyValueSpecification\",\"valueRequired\":true,\"valueName\":\"search_term_string\"}}],\"inLanguage\":\"es\"},{\"@type\":\"Person\",\"@id\":\"https:\/\/gremidellibrers.com\/es\/#\/schema\/person\/38789e69db1be6639ed00cfef378c49e\",\"name\":\"mibbo\",\"image\":{\"@type\":\"ImageObject\",\"inLanguage\":\"es\",\"@id\":\"https:\/\/gremidellibrers.com\/es\/#\/schema\/person\/image\/\",\"url\":\"https:\/\/secure.gravatar.com\/avatar\/8924df24df9e17a0afdccf11d177c168c3efabe5f47d930e6894ab19ae1f7a3b?s=96&d=mm&r=g\",\"contentUrl\":\"https:\/\/secure.gravatar.com\/avatar\/8924df24df9e17a0afdccf11d177c168c3efabe5f47d930e6894ab19ae1f7a3b?s=96&d=mm&r=g\",\"caption\":\"mibbo\"},\"sameAs\":[\"https:\/\/gremidellibrers.com\/\"],\"url\":\"https:\/\/gremidellibrers.com\/es\/author\/mibbo\/\"}]}<\/script>\n<!-- \/ Yoast SEO plugin. -->","yoast_head_json":{"title":"Las librer\u00edas se convierten en emisarias de Sant Jordi del 19 al 23 de abril - Gremi de Llibrers","robots":{"index":"index","follow":"follow","max-snippet":"max-snippet:-1","max-image-preview":"max-image-preview:large","max-video-preview":"max-video-preview:-1"},"canonical":"https:\/\/gremidellibrers.com\/es\/las-librerias-se-convierten-en-emisarias-de-sant-jordi-del-19-al-23-de-abril\/","og_locale":"es_ES","og_type":"article","og_title":"Las librer\u00edas se convierten en emisarias de Sant Jordi del 19 al 23 de abril - Gremi de Llibrers","og_description":"La semana del 19 al 23 de abril, para celebrar el D\u00eda del Libro, las librer\u00edas se convierten en emisarias de Sant Jordi, con la campa\u00f1a \u201cTinc un llibre per a tu\u201d. Con esta iniciativa, el Gremi de Llibrers de Val\u00e8ncia propone a la ciudadan\u00eda comprar, a partir del lunes 19 de abril, un libro&hellip;","og_url":"https:\/\/gremidellibrers.com\/es\/las-librerias-se-convierten-en-emisarias-de-sant-jordi-del-19-al-23-de-abril\/","og_site_name":"Gremi de Llibrers","article_published_time":"2021-04-13T10:43:40+00:00","article_modified_time":"2025-09-19T12:55:59+00:00","og_image":[{"width":1080,"height":1080,"url":"https:\/\/gremidellibrers.com\/wp-content\/uploads\/2021\/04\/post_1-1.jpg","type":"image\/jpeg"}],"author":"mibbo","twitter_card":"summary_large_image","twitter_misc":{"Escrito por":"mibbo","Tiempo de lectura":"2 minutos"},"schema":{"@context":"https:\/\/schema.org","@graph":[{"@type":"WebPage","@id":"https:\/\/gremidellibrers.com\/es\/las-librerias-se-convierten-en-emisarias-de-sant-jordi-del-19-al-23-de-abril\/","url":"https:\/\/gremidellibrers.com\/es\/las-librerias-se-convierten-en-emisarias-de-sant-jordi-del-19-al-23-de-abril\/","name":"Las librer\u00edas se convierten en emisarias de Sant Jordi del 19 al 23 de abril - Gremi de Llibrers","isPartOf":{"@id":"https:\/\/gremidellibrers.com\/es\/#website"},"primaryImageOfPage":{"@id":"https:\/\/gremidellibrers.com\/es\/las-librerias-se-convierten-en-emisarias-de-sant-jordi-del-19-al-23-de-abril\/#primaryimage"},"image":{"@id":"https:\/\/gremidellibrers.com\/es\/las-librerias-se-convierten-en-emisarias-de-sant-jordi-del-19-al-23-de-abril\/#primaryimage"},"thumbnailUrl":"https:\/\/gremidellibrers.com\/wp-content\/uploads\/2021\/04\/post_1-1.jpg","datePublished":"2021-04-13T10:43:40+00:00","dateModified":"2025-09-19T12:55:59+00:00","author":{"@id":"https:\/\/gremidellibrers.com\/es\/#\/schema\/person\/38789e69db1be6639ed00cfef378c49e"},"breadcrumb":{"@id":"https:\/\/gremidellibrers.com\/es\/las-librerias-se-convierten-en-emisarias-de-sant-jordi-del-19-al-23-de-abril\/#breadcrumb"},"inLanguage":"es","potentialAction":[{"@type":"ReadAction","target":["https:\/\/gremidellibrers.com\/es\/las-librerias-se-convierten-en-emisarias-de-sant-jordi-del-19-al-23-de-abril\/"]}]},{"@type":"ImageObject","inLanguage":"es","@id":"https:\/\/gremidellibrers.com\/es\/las-librerias-se-convierten-en-emisarias-de-sant-jordi-del-19-al-23-de-abril\/#primaryimage","url":"https:\/\/gremidellibrers.com\/wp-content\/uploads\/2021\/04\/post_1-1.jpg","contentUrl":"https:\/\/gremidellibrers.com\/wp-content\/uploads\/2021\/04\/post_1-1.jpg","width":1080,"height":1080},{"@type":"BreadcrumbList","@id":"https:\/\/gremidellibrers.com\/es\/las-librerias-se-convierten-en-emisarias-de-sant-jordi-del-19-al-23-de-abril\/#breadcrumb","itemListElement":[{"@type":"ListItem","position":1,"name":"Home","item":"https:\/\/gremidellibrers.com\/es\/"},{"@type":"ListItem","position":2,"name":"Las librer\u00edas se convierten en emisarias de Sant Jordi del 19 al 23 de abril"}]},{"@type":"WebSite","@id":"https:\/\/gremidellibrers.com\/es\/#website","url":"https:\/\/gremidellibrers.com\/es\/","name":"Gremi de Llibrers","description":"","potentialAction":[{"@type":"SearchAction","target":{"@type":"EntryPoint","urlTemplate":"https:\/\/gremidellibrers.com\/es\/?s={search_term_string}"},"query-input":{"@type":"PropertyValueSpecification","valueRequired":true,"valueName":"search_term_string"}}],"inLanguage":"es"},{"@type":"Person","@id":"https:\/\/gremidellibrers.com\/es\/#\/schema\/person\/38789e69db1be6639ed00cfef378c49e","name":"mibbo","image":{"@type":"ImageObject","inLanguage":"es","@id":"https:\/\/gremidellibrers.com\/es\/#\/schema\/person\/image\/","url":"https:\/\/secure.gravatar.com\/avatar\/8924df24df9e17a0afdccf11d177c168c3efabe5f47d930e6894ab19ae1f7a3b?s=96&d=mm&r=g","contentUrl":"https:\/\/secure.gravatar.com\/avatar\/8924df24df9e17a0afdccf11d177c168c3efabe5f47d930e6894ab19ae1f7a3b?s=96&d=mm&r=g","caption":"mibbo"},"sameAs":["https:\/\/gremidellibrers.com\/"],"url":"https:\/\/gremidellibrers.com\/es\/author\/mibbo\/"}]}},"_links":{"self":[{"href":"https:\/\/gremidellibrers.com\/es\/wp-json\/wp\/v2\/posts\/4203","targetHints":{"allow":["GET"]}}],"collection":[{"href":"https:\/\/gremidellibrers.com\/es\/wp-json\/wp\/v2\/posts"}],"about":[{"href":"https:\/\/gremidellibrers.com\/es\/wp-json\/wp\/v2\/types\/post"}],"author":[{"embeddable":true,"href":"https:\/\/gremidellibrers.com\/es\/wp-json\/wp\/v2\/users\/1"}],"replies":[{"embeddable":true,"href":"https:\/\/gremidellibrers.com\/es\/wp-json\/wp\/v2\/comments?post=4203"}],"version-history":[{"count":0,"href":"https:\/\/gremidellibrers.com\/es\/wp-json\/wp\/v2\/posts\/4203\/revisions"}],"wp:featuredmedia":[{"embeddable":true,"href":"https:\/\/gremidellibrers.com\/es\/wp-json\/wp\/v2\/media\/4201"}],"wp:attachment":[{"href":"https:\/\/gremidellibrers.com\/es\/wp-json\/wp\/v2\/media?parent=4203"}],"wp:term":[{"taxonomy":"category","embeddable":true,"href":"https:\/\/gremidellibrers.com\/es\/wp-json\/wp\/v2\/categories?post=4203"},{"taxonomy":"post_tag","embeddable":true,"href":"https:\/\/gremidellibrers.com\/es\/wp-json\/wp\/v2\/tags?post=4203"}],"curies":[{"name":"wp","href":"https:\/\/api.w.org\/{rel}","templated":true}]}}