{"id":4941,"date":"2024-03-22T09:51:42","date_gmt":"2024-03-22T08:51:42","guid":{"rendered":"https:\/\/gremidellibrers.com\/?p=4941"},"modified":"2025-09-19T14:56:06","modified_gmt":"2025-09-19T12:56:06","slug":"ana-penyas-literatura-universal-cartel-59-feria-libro-valencia","status":"publish","type":"post","link":"https:\/\/gremidellibrers.com\/es\/ana-penyas-literatura-universal-cartel-59-feria-libro-valencia\/","title":{"rendered":"Ana Penyas homenajea a la literatura universal en el cartel de la 59 Feria del Libro de Val\u00e8ncia"},"content":{"rendered":"<p>La ilustradora y dibujante de c\u00f3mic valenciana <strong>Ana Penyas<\/strong> es la autora del cartel de la <strong>59 edici\u00f3n de la Feria del Libro de Val\u00e8ncia<\/strong>, que tendr\u00e1 lugar en los Jardines del Real <strong>del 25 de abril al 5 de mayo<\/strong>. Penyas obtuvo en el a\u00f1o 2028 el Premio Nacional del C\u00f3mic por <em>Estamos todas bien<\/em>, su primera novela gr\u00e1fica. La segunda, <em>Todo bajo el sol<\/em>, obtuvo el galard\u00f3n a la mejor obra nacional que otorga la Asociaci\u00f3n de Cr\u00edticos y Divulgadores de C\u00f3mic de Espa\u00f1a.<\/p>\n<p>El cartel de la Feria del libro es un<strong> homenaje a la lectura y a la literatura universal<\/strong>, porque no puede haber lectura sin literatura. Con su estilo caracter\u00edstico Penyas presenta un mosaico de personajes con un elemento en com\u00fan: la lectura. Personalidades de la vida cotidiana se encuentran leyendo en diferentes situaciones y se combinan con representantes reconocibles de la literatura universal. Como <strong>Julio Cort\u00e1zar<\/strong>, de quien se conmemora el 40 aniversario de su muerte, <strong>Franz Kafka<\/strong>, en el centenario de su muerte, o <strong>Mafalda<\/strong>, el genial personaje de Quino que este a\u00f1o celebra 60 a\u00f1os.<\/p>\n<p>De la misma manera el cartel de la Fira incluye representantes de la <strong>literatura en valenciano<\/strong>, como parte inseparable de la literatura universal. Se puede ver a <strong>Vicent Andr\u00e9s Estell\u00e9s<\/strong> en el a\u00f1o de su centenario y a <strong>Maria Beneyto<\/strong> leyendo una obra propia, anticip\u00e1ndose un a\u00f1o al 2025, en el que ser\u00e1 declarada escritora del a\u00f1o por la Acad\u00e8mia Valenciana de la Llengua. Asimismo se encuentra una referencia al dramaturgo <strong>\u00c0ngel Guimer\u00e0<\/strong> a trav\u00e9s de su obra <em>Terra baixa<\/em>, el a\u00f1o en el que se conmemoraran cien a\u00f1os de su muerte.<\/p>\n<p>En definitiva, un <strong>cartel para entretenerse un buen rato<\/strong>, lleno de gui\u00f1os a la historia de la literatura y a los libros. Personajes de toda edad y de la m\u00e1s variada condici\u00f3n nos ense\u00f1an que los libros son la mejor compa\u00f1\u00eda a lo largo de nuestra vida, en cualquier situaci\u00f3n.<\/p>\n<p>El cartel de Ana Penyas ser\u00e1 la <strong>imagen que identificar\u00e1 la 59 Feria del Libro de Val\u00e8ncia<\/strong>; ser\u00e1 visible en todos los paneles gr\u00e1ficos del recinto y aparecer\u00e1 tambi\u00e9n en los puntos de libro y en las bolsas que repartir\u00e1n los expositores. Por otro lado Penyas ser\u00e1 tambi\u00e9n la creadora del cartel de la campa\u00f1a del libro escolar que realizar\u00e1 el Gremi de Llibrers de Val\u00e8ncia, en el inicio del curso 2024-2025.<\/p>\n","protected":false},"excerpt":{"rendered":"<p>La ilustradora y dibujante de c\u00f3mic valenciana Ana Penyas es la autora del cartel de la 59 edici\u00f3n de la Feria del Libro de Val\u00e8ncia, que tendr\u00e1 lugar en los Jardines del Real del 25 de abril al 5 de mayo. Penyas obtuvo en el a\u00f1o 2028 el Premio Nacional del C\u00f3mic por Estamos todas&hellip;<\/p>\n","protected":false},"author":1,"featured_media":4945,"comment_status":"closed","ping_status":"closed","sticky":false,"template":"","format":"standard","meta":{"_acf_changed":false,"footnotes":""},"categories":[166,1],"tags":[159,141,115],"class_list":["post-4941","post","type-post","status-publish","format-standard","has-post-thumbnail","hentry","category-fira-del-llibre-de-valencia-es","category-sin-categoria","tag-59-fira-del-llibre-de-valencia","tag-ana-penyas-es","tag-cartell-es"],"acf":[],"yoast_head":"<!-- This site is optimized with the Yoast SEO plugin v26.6 - https:\/\/yoast.com\/wordpress\/plugins\/seo\/ -->\n<title>Ana Penyas homenajea a la literatura universal en el cartel de la 59 Feria del Libro de Val\u00e8ncia - Gremi de Llibrers<\/title>\n<meta name=\"robots\" content=\"index, follow, max-snippet:-1, max-image-preview:large, max-video-preview:-1\" \/>\n<link rel=\"canonical\" href=\"https:\/\/gremidellibrers.com\/es\/ana-penyas-literatura-universal-cartel-59-feria-libro-valencia\/\" \/>\n<meta property=\"og:locale\" content=\"es_ES\" \/>\n<meta property=\"og:type\" content=\"article\" \/>\n<meta property=\"og:title\" content=\"Ana Penyas homenajea a la literatura universal en el cartel de la 59 Feria del Libro de Val\u00e8ncia - Gremi de Llibrers\" \/>\n<meta property=\"og:description\" content=\"La ilustradora y dibujante de c\u00f3mic valenciana Ana Penyas es la autora del cartel de la 59 edici\u00f3n de la Feria del Libro de Val\u00e8ncia, que tendr\u00e1 lugar en los Jardines del Real del 25 de abril al 5 de mayo. Penyas obtuvo en el a\u00f1o 2028 el Premio Nacional del C\u00f3mic por Estamos todas&hellip;\" \/>\n<meta property=\"og:url\" content=\"https:\/\/gremidellibrers.com\/es\/ana-penyas-literatura-universal-cartel-59-feria-libro-valencia\/\" \/>\n<meta property=\"og:site_name\" content=\"Gremi de Llibrers\" \/>\n<meta property=\"article:published_time\" content=\"2024-03-22T08:51:42+00:00\" \/>\n<meta property=\"article:modified_time\" content=\"2025-09-19T12:56:06+00:00\" \/>\n<meta property=\"og:image\" content=\"https:\/\/gremidellibrers.com\/wp-content\/uploads\/2024\/03\/Cartell_59FiraLlibre_AnaPenyas_lleuger-1.jpg\" \/>\n\t<meta property=\"og:image:width\" content=\"1000\" \/>\n\t<meta property=\"og:image:height\" content=\"1403\" \/>\n\t<meta property=\"og:image:type\" content=\"image\/jpeg\" \/>\n<meta name=\"author\" content=\"mibbo\" \/>\n<meta name=\"twitter:card\" content=\"summary_large_image\" \/>\n<meta name=\"twitter:label1\" content=\"Escrito por\" \/>\n\t<meta name=\"twitter:data1\" content=\"mibbo\" \/>\n\t<meta name=\"twitter:label2\" content=\"Tiempo de lectura\" \/>\n\t<meta name=\"twitter:data2\" content=\"2 minutos\" \/>\n<script type=\"application\/ld+json\" class=\"yoast-schema-graph\">{\"@context\":\"https:\/\/schema.org\",\"@graph\":[{\"@type\":\"WebPage\",\"@id\":\"https:\/\/gremidellibrers.com\/es\/ana-penyas-literatura-universal-cartel-59-feria-libro-valencia\/\",\"url\":\"https:\/\/gremidellibrers.com\/es\/ana-penyas-literatura-universal-cartel-59-feria-libro-valencia\/\",\"name\":\"Ana Penyas homenajea a la literatura universal en el cartel de la 59 Feria del Libro de Val\u00e8ncia - Gremi de Llibrers\",\"isPartOf\":{\"@id\":\"https:\/\/gremidellibrers.com\/es\/#website\"},\"primaryImageOfPage\":{\"@id\":\"https:\/\/gremidellibrers.com\/es\/ana-penyas-literatura-universal-cartel-59-feria-libro-valencia\/#primaryimage\"},\"image\":{\"@id\":\"https:\/\/gremidellibrers.com\/es\/ana-penyas-literatura-universal-cartel-59-feria-libro-valencia\/#primaryimage\"},\"thumbnailUrl\":\"https:\/\/gremidellibrers.com\/wp-content\/uploads\/2024\/03\/Cartell_59FiraLlibre_AnaPenyas_lleuger-1.jpg\",\"datePublished\":\"2024-03-22T08:51:42+00:00\",\"dateModified\":\"2025-09-19T12:56:06+00:00\",\"author\":{\"@id\":\"https:\/\/gremidellibrers.com\/es\/#\/schema\/person\/38789e69db1be6639ed00cfef378c49e\"},\"breadcrumb\":{\"@id\":\"https:\/\/gremidellibrers.com\/es\/ana-penyas-literatura-universal-cartel-59-feria-libro-valencia\/#breadcrumb\"},\"inLanguage\":\"es\",\"potentialAction\":[{\"@type\":\"ReadAction\",\"target\":[\"https:\/\/gremidellibrers.com\/es\/ana-penyas-literatura-universal-cartel-59-feria-libro-valencia\/\"]}]},{\"@type\":\"ImageObject\",\"inLanguage\":\"es\",\"@id\":\"https:\/\/gremidellibrers.com\/es\/ana-penyas-literatura-universal-cartel-59-feria-libro-valencia\/#primaryimage\",\"url\":\"https:\/\/gremidellibrers.com\/wp-content\/uploads\/2024\/03\/Cartell_59FiraLlibre_AnaPenyas_lleuger-1.jpg\",\"contentUrl\":\"https:\/\/gremidellibrers.com\/wp-content\/uploads\/2024\/03\/Cartell_59FiraLlibre_AnaPenyas_lleuger-1.jpg\",\"width\":1000,\"height\":1403,\"caption\":\"Cartell-59FiradelLlibredeVal\u00e8ncia\"},{\"@type\":\"BreadcrumbList\",\"@id\":\"https:\/\/gremidellibrers.com\/es\/ana-penyas-literatura-universal-cartel-59-feria-libro-valencia\/#breadcrumb\",\"itemListElement\":[{\"@type\":\"ListItem\",\"position\":1,\"name\":\"Home\",\"item\":\"https:\/\/gremidellibrers.com\/es\/\"},{\"@type\":\"ListItem\",\"position\":2,\"name\":\"Ana Penyas homenajea a la literatura universal en el cartel de la 59 Feria del Libro de Val\u00e8ncia\"}]},{\"@type\":\"WebSite\",\"@id\":\"https:\/\/gremidellibrers.com\/es\/#website\",\"url\":\"https:\/\/gremidellibrers.com\/es\/\",\"name\":\"Gremi de Llibrers\",\"description\":\"\",\"potentialAction\":[{\"@type\":\"SearchAction\",\"target\":{\"@type\":\"EntryPoint\",\"urlTemplate\":\"https:\/\/gremidellibrers.com\/es\/?s={search_term_string}\"},\"query-input\":{\"@type\":\"PropertyValueSpecification\",\"valueRequired\":true,\"valueName\":\"search_term_string\"}}],\"inLanguage\":\"es\"},{\"@type\":\"Person\",\"@id\":\"https:\/\/gremidellibrers.com\/es\/#\/schema\/person\/38789e69db1be6639ed00cfef378c49e\",\"name\":\"mibbo\",\"image\":{\"@type\":\"ImageObject\",\"inLanguage\":\"es\",\"@id\":\"https:\/\/gremidellibrers.com\/es\/#\/schema\/person\/image\/\",\"url\":\"https:\/\/secure.gravatar.com\/avatar\/8924df24df9e17a0afdccf11d177c168c3efabe5f47d930e6894ab19ae1f7a3b?s=96&d=mm&r=g\",\"contentUrl\":\"https:\/\/secure.gravatar.com\/avatar\/8924df24df9e17a0afdccf11d177c168c3efabe5f47d930e6894ab19ae1f7a3b?s=96&d=mm&r=g\",\"caption\":\"mibbo\"},\"sameAs\":[\"https:\/\/gremidellibrers.com\/\"],\"url\":\"https:\/\/gremidellibrers.com\/es\/author\/mibbo\/\"}]}<\/script>\n<!-- \/ Yoast SEO plugin. -->","yoast_head_json":{"title":"Ana Penyas homenajea a la literatura universal en el cartel de la 59 Feria del Libro de Val\u00e8ncia - Gremi de Llibrers","robots":{"index":"index","follow":"follow","max-snippet":"max-snippet:-1","max-image-preview":"max-image-preview:large","max-video-preview":"max-video-preview:-1"},"canonical":"https:\/\/gremidellibrers.com\/es\/ana-penyas-literatura-universal-cartel-59-feria-libro-valencia\/","og_locale":"es_ES","og_type":"article","og_title":"Ana Penyas homenajea a la literatura universal en el cartel de la 59 Feria del Libro de Val\u00e8ncia - Gremi de Llibrers","og_description":"La ilustradora y dibujante de c\u00f3mic valenciana Ana Penyas es la autora del cartel de la 59 edici\u00f3n de la Feria del Libro de Val\u00e8ncia, que tendr\u00e1 lugar en los Jardines del Real del 25 de abril al 5 de mayo. Penyas obtuvo en el a\u00f1o 2028 el Premio Nacional del C\u00f3mic por Estamos todas&hellip;","og_url":"https:\/\/gremidellibrers.com\/es\/ana-penyas-literatura-universal-cartel-59-feria-libro-valencia\/","og_site_name":"Gremi de Llibrers","article_published_time":"2024-03-22T08:51:42+00:00","article_modified_time":"2025-09-19T12:56:06+00:00","og_image":[{"width":1000,"height":1403,"url":"https:\/\/gremidellibrers.com\/wp-content\/uploads\/2024\/03\/Cartell_59FiraLlibre_AnaPenyas_lleuger-1.jpg","type":"image\/jpeg"}],"author":"mibbo","twitter_card":"summary_large_image","twitter_misc":{"Escrito por":"mibbo","Tiempo de lectura":"2 minutos"},"schema":{"@context":"https:\/\/schema.org","@graph":[{"@type":"WebPage","@id":"https:\/\/gremidellibrers.com\/es\/ana-penyas-literatura-universal-cartel-59-feria-libro-valencia\/","url":"https:\/\/gremidellibrers.com\/es\/ana-penyas-literatura-universal-cartel-59-feria-libro-valencia\/","name":"Ana Penyas homenajea a la literatura universal en el cartel de la 59 Feria del Libro de Val\u00e8ncia - Gremi de Llibrers","isPartOf":{"@id":"https:\/\/gremidellibrers.com\/es\/#website"},"primaryImageOfPage":{"@id":"https:\/\/gremidellibrers.com\/es\/ana-penyas-literatura-universal-cartel-59-feria-libro-valencia\/#primaryimage"},"image":{"@id":"https:\/\/gremidellibrers.com\/es\/ana-penyas-literatura-universal-cartel-59-feria-libro-valencia\/#primaryimage"},"thumbnailUrl":"https:\/\/gremidellibrers.com\/wp-content\/uploads\/2024\/03\/Cartell_59FiraLlibre_AnaPenyas_lleuger-1.jpg","datePublished":"2024-03-22T08:51:42+00:00","dateModified":"2025-09-19T12:56:06+00:00","author":{"@id":"https:\/\/gremidellibrers.com\/es\/#\/schema\/person\/38789e69db1be6639ed00cfef378c49e"},"breadcrumb":{"@id":"https:\/\/gremidellibrers.com\/es\/ana-penyas-literatura-universal-cartel-59-feria-libro-valencia\/#breadcrumb"},"inLanguage":"es","potentialAction":[{"@type":"ReadAction","target":["https:\/\/gremidellibrers.com\/es\/ana-penyas-literatura-universal-cartel-59-feria-libro-valencia\/"]}]},{"@type":"ImageObject","inLanguage":"es","@id":"https:\/\/gremidellibrers.com\/es\/ana-penyas-literatura-universal-cartel-59-feria-libro-valencia\/#primaryimage","url":"https:\/\/gremidellibrers.com\/wp-content\/uploads\/2024\/03\/Cartell_59FiraLlibre_AnaPenyas_lleuger-1.jpg","contentUrl":"https:\/\/gremidellibrers.com\/wp-content\/uploads\/2024\/03\/Cartell_59FiraLlibre_AnaPenyas_lleuger-1.jpg","width":1000,"height":1403,"caption":"Cartell-59FiradelLlibredeVal\u00e8ncia"},{"@type":"BreadcrumbList","@id":"https:\/\/gremidellibrers.com\/es\/ana-penyas-literatura-universal-cartel-59-feria-libro-valencia\/#breadcrumb","itemListElement":[{"@type":"ListItem","position":1,"name":"Home","item":"https:\/\/gremidellibrers.com\/es\/"},{"@type":"ListItem","position":2,"name":"Ana Penyas homenajea a la literatura universal en el cartel de la 59 Feria del Libro de Val\u00e8ncia"}]},{"@type":"WebSite","@id":"https:\/\/gremidellibrers.com\/es\/#website","url":"https:\/\/gremidellibrers.com\/es\/","name":"Gremi de Llibrers","description":"","potentialAction":[{"@type":"SearchAction","target":{"@type":"EntryPoint","urlTemplate":"https:\/\/gremidellibrers.com\/es\/?s={search_term_string}"},"query-input":{"@type":"PropertyValueSpecification","valueRequired":true,"valueName":"search_term_string"}}],"inLanguage":"es"},{"@type":"Person","@id":"https:\/\/gremidellibrers.com\/es\/#\/schema\/person\/38789e69db1be6639ed00cfef378c49e","name":"mibbo","image":{"@type":"ImageObject","inLanguage":"es","@id":"https:\/\/gremidellibrers.com\/es\/#\/schema\/person\/image\/","url":"https:\/\/secure.gravatar.com\/avatar\/8924df24df9e17a0afdccf11d177c168c3efabe5f47d930e6894ab19ae1f7a3b?s=96&d=mm&r=g","contentUrl":"https:\/\/secure.gravatar.com\/avatar\/8924df24df9e17a0afdccf11d177c168c3efabe5f47d930e6894ab19ae1f7a3b?s=96&d=mm&r=g","caption":"mibbo"},"sameAs":["https:\/\/gremidellibrers.com\/"],"url":"https:\/\/gremidellibrers.com\/es\/author\/mibbo\/"}]}},"_links":{"self":[{"href":"https:\/\/gremidellibrers.com\/es\/wp-json\/wp\/v2\/posts\/4941","targetHints":{"allow":["GET"]}}],"collection":[{"href":"https:\/\/gremidellibrers.com\/es\/wp-json\/wp\/v2\/posts"}],"about":[{"href":"https:\/\/gremidellibrers.com\/es\/wp-json\/wp\/v2\/types\/post"}],"author":[{"embeddable":true,"href":"https:\/\/gremidellibrers.com\/es\/wp-json\/wp\/v2\/users\/1"}],"replies":[{"embeddable":true,"href":"https:\/\/gremidellibrers.com\/es\/wp-json\/wp\/v2\/comments?post=4941"}],"version-history":[{"count":0,"href":"https:\/\/gremidellibrers.com\/es\/wp-json\/wp\/v2\/posts\/4941\/revisions"}],"wp:featuredmedia":[{"embeddable":true,"href":"https:\/\/gremidellibrers.com\/es\/wp-json\/wp\/v2\/media\/4945"}],"wp:attachment":[{"href":"https:\/\/gremidellibrers.com\/es\/wp-json\/wp\/v2\/media?parent=4941"}],"wp:term":[{"taxonomy":"category","embeddable":true,"href":"https:\/\/gremidellibrers.com\/es\/wp-json\/wp\/v2\/categories?post=4941"},{"taxonomy":"post_tag","embeddable":true,"href":"https:\/\/gremidellibrers.com\/es\/wp-json\/wp\/v2\/tags?post=4941"}],"curies":[{"name":"wp","href":"https:\/\/api.w.org\/{rel}","templated":true}]}}