{"id":5002,"date":"2024-10-24T14:16:04","date_gmt":"2024-10-24T12:16:04","guid":{"rendered":"https:\/\/gremidellibrers.com\/?p=5002"},"modified":"2025-09-19T14:56:08","modified_gmt":"2025-09-19T12:56:08","slug":"el-llibreries-fest-crece-y-se-consolida-como-celebracion-del-dia-de-las-librerias","status":"publish","type":"post","link":"https:\/\/gremidellibrers.com\/es\/el-llibreries-fest-crece-y-se-consolida-como-celebracion-del-dia-de-las-librerias\/","title":{"rendered":"El Llibreries Fest crece y se consolida como celebraci\u00f3n del D\u00eda de las Librer\u00edas"},"content":{"rendered":"<h5>M\u00e1s de treinta librer\u00edas valencianas proponen los d\u00edas 7, 8, 9 y 11 de noviembre una variada oferta de actividades<\/h5>\n<p>Treinta y dos librer\u00edas asociadas al Gremi de Llibrers de Val\u00e8ncia acoger\u00e1n actividades literarias, de cuentacuentos, teatrales y musicales los d\u00edas <strong>7, 8, 9 y 11 noviembre<\/strong>, en el marco del <strong>Llibreries Fest 2024<\/strong>. Este a\u00f1o el festival, impulsado desde el Gremi de Llibrers, crece en n\u00famero de librer\u00edas participantes, en actividades y se consolida como celebraci\u00f3n del <strong>D\u00eda de las Librer\u00edas<\/strong>, que tiene fecha fija en el calendario anual: el 11 de noviembre.<\/p>\n<p>El Llibreries Fest quiere celebrar el valor de las librer\u00edas como <strong>espacios culturales y de proximidad<\/strong>, as\u00ed como atraer nuevos p\u00fablicos y reforzar el papel de las librer\u00edas como agentes culturales y de fomento de la lectura.<\/p>\n<p>En conjunto la programaci\u00f3n del Llibreries Fest 2024 propone <strong>cerca de 60 actividades<\/strong>, que tendr\u00e1n lugar de manera gratuita en el interior de las librer\u00edas, dirigidas a todos los p\u00fablicos. Como en anteriores ediciones la propuesta destaca por el <strong>contenido literario y la apuesta por autores y autoras valencianos<\/strong>. La literatura de nuestro territorio y las librer\u00edas ser\u00e1n protagonistas con las presentaciones de las \u00faltimas obras de Carmen Amoraga, Bibiana Collado, Manuel Bauxauli, Teresa Broseta i Patricia Campos, N\u00faria Cadenes, Toni Cucarella, Esther L\u00f3pez Barcel\u00f3 y Juan Francisco Ferr\u00e1ndiz, entre otros. El Llibreries Fest 2024 tambi\u00e9n cuenta con actividades de <strong>cuentacuentos y talleres<\/strong>, dirigidos al p\u00fablico familiar, y actuaciones musicales.<\/p>\n<p>Pod\u00e9is consultar el <strong>programa completo de actividades<\/strong>, con todas las librer\u00edas participantes, en <a href=\"https:\/\/gremidellibrers.com\/\/wp-content\/uploads\/2024\/10\/Programa-Llibreries-Fest-2024_DEFINITIU.pdf\">este enlace<\/a>. De igual manera pod\u00e9is estar atentos a las redes sociales de las propias librer\u00edas, que ir\u00e1n anunciando las actividades que acogen.<\/p>\n<h4>Vermuts literarios y musicales<\/h4>\n<p>Una de las principales <strong>novedades<\/strong> de la edici\u00f3n de este a\u00f1o es la estrena del formato <strong>vermut literario o musical<\/strong>, que se podr\u00e1 disfrutar en numerosas librer\u00edas en buena parte de las actividades. La propuesta de vermuts literarios y musicales es posible gracias al patrocinio de <a href=\"https:\/\/www.bodegasurbanas.es\/\">Bodegas Urbanas<\/a>, empresa valenciana con sede en Godella que ha apostado por dar apoyo a las librer\u00edas y a la cultura a trav\u00e9s del Llibreries Fest 2024. En las actividades con este formato se ofrecer\u00e1 al p\u00fablico una degustaci\u00f3n del <strong>vermut ecol\u00f3gico Ciento Volando<\/strong>.<\/p>\n<p>El Llibreries Fest 2024 cuenta con <strong>imagen propia<\/strong>, obra de la ilustradora <a href=\"https:\/\/olgamolla.com\/\">Olga Moll\u00e0<\/a>.<\/p>\n","protected":false},"excerpt":{"rendered":"<p>M\u00e1s de treinta librer\u00edas valencianas proponen los d\u00edas 7, 8, 9 y 11 de noviembre una variada oferta de actividades Treinta y dos librer\u00edas asociadas al Gremi de Llibrers de Val\u00e8ncia acoger\u00e1n actividades literarias, de cuentacuentos, teatrales y musicales los d\u00edas 7, 8, 9 y 11 noviembre, en el marco del Llibreries Fest 2024. Este&hellip;<\/p>\n","protected":false},"author":1,"featured_media":4999,"comment_status":"closed","ping_status":"closed","sticky":false,"template":"","format":"standard","meta":{"_acf_changed":false,"footnotes":""},"categories":[125],"tags":[132,133],"class_list":["post-5002","post","type-post","status-publish","format-standard","has-post-thumbnail","hentry","category-campanas","tag-dia-de-las-librerias","tag-llibreries-fest-es"],"acf":[],"yoast_head":"<!-- This site is optimized with the Yoast SEO plugin v26.6 - https:\/\/yoast.com\/wordpress\/plugins\/seo\/ -->\n<title>El Llibreries Fest crece y se consolida como celebraci\u00f3n del D\u00eda de las Librer\u00edas - Gremi de Llibrers<\/title>\n<meta name=\"robots\" content=\"index, follow, max-snippet:-1, max-image-preview:large, max-video-preview:-1\" \/>\n<link rel=\"canonical\" href=\"https:\/\/gremidellibrers.com\/es\/el-llibreries-fest-crece-y-se-consolida-como-celebracion-del-dia-de-las-librerias\/\" \/>\n<meta property=\"og:locale\" content=\"es_ES\" \/>\n<meta property=\"og:type\" content=\"article\" \/>\n<meta property=\"og:title\" content=\"El Llibreries Fest crece y se consolida como celebraci\u00f3n del D\u00eda de las Librer\u00edas - Gremi de Llibrers\" \/>\n<meta property=\"og:description\" content=\"M\u00e1s de treinta librer\u00edas valencianas proponen los d\u00edas 7, 8, 9 y 11 de noviembre una variada oferta de actividades Treinta y dos librer\u00edas asociadas al Gremi de Llibrers de Val\u00e8ncia acoger\u00e1n actividades literarias, de cuentacuentos, teatrales y musicales los d\u00edas 7, 8, 9 y 11 noviembre, en el marco del Llibreries Fest 2024. Este&hellip;\" \/>\n<meta property=\"og:url\" content=\"https:\/\/gremidellibrers.com\/es\/el-llibreries-fest-crece-y-se-consolida-como-celebracion-del-dia-de-las-librerias\/\" \/>\n<meta property=\"og:site_name\" content=\"Gremi de Llibrers\" \/>\n<meta property=\"article:published_time\" content=\"2024-10-24T12:16:04+00:00\" \/>\n<meta property=\"article:modified_time\" content=\"2025-09-19T12:56:08+00:00\" \/>\n<meta property=\"og:image\" content=\"https:\/\/gremidellibrers.com\/wp-content\/uploads\/2024\/10\/Cartell-digital-Llibreries-Fest-2024-1.jpg\" \/>\n\t<meta property=\"og:image:width\" content=\"1102\" \/>\n\t<meta property=\"og:image:height\" content=\"1581\" \/>\n\t<meta property=\"og:image:type\" content=\"image\/jpeg\" \/>\n<meta name=\"author\" content=\"mibbo\" \/>\n<meta name=\"twitter:card\" content=\"summary_large_image\" \/>\n<meta name=\"twitter:label1\" content=\"Escrito por\" \/>\n\t<meta name=\"twitter:data1\" content=\"mibbo\" \/>\n\t<meta name=\"twitter:label2\" content=\"Tiempo de lectura\" \/>\n\t<meta name=\"twitter:data2\" content=\"2 minutos\" \/>\n<script type=\"application\/ld+json\" class=\"yoast-schema-graph\">{\"@context\":\"https:\/\/schema.org\",\"@graph\":[{\"@type\":\"WebPage\",\"@id\":\"https:\/\/gremidellibrers.com\/es\/el-llibreries-fest-crece-y-se-consolida-como-celebracion-del-dia-de-las-librerias\/\",\"url\":\"https:\/\/gremidellibrers.com\/es\/el-llibreries-fest-crece-y-se-consolida-como-celebracion-del-dia-de-las-librerias\/\",\"name\":\"El Llibreries Fest crece y se consolida como celebraci\u00f3n del D\u00eda de las Librer\u00edas - Gremi de Llibrers\",\"isPartOf\":{\"@id\":\"https:\/\/gremidellibrers.com\/es\/#website\"},\"primaryImageOfPage\":{\"@id\":\"https:\/\/gremidellibrers.com\/es\/el-llibreries-fest-crece-y-se-consolida-como-celebracion-del-dia-de-las-librerias\/#primaryimage\"},\"image\":{\"@id\":\"https:\/\/gremidellibrers.com\/es\/el-llibreries-fest-crece-y-se-consolida-como-celebracion-del-dia-de-las-librerias\/#primaryimage\"},\"thumbnailUrl\":\"https:\/\/gremidellibrers.com\/wp-content\/uploads\/2024\/10\/Cartell-digital-Llibreries-Fest-2024-1.jpg\",\"datePublished\":\"2024-10-24T12:16:04+00:00\",\"dateModified\":\"2025-09-19T12:56:08+00:00\",\"author\":{\"@id\":\"https:\/\/gremidellibrers.com\/es\/#\/schema\/person\/38789e69db1be6639ed00cfef378c49e\"},\"breadcrumb\":{\"@id\":\"https:\/\/gremidellibrers.com\/es\/el-llibreries-fest-crece-y-se-consolida-como-celebracion-del-dia-de-las-librerias\/#breadcrumb\"},\"inLanguage\":\"es\",\"potentialAction\":[{\"@type\":\"ReadAction\",\"target\":[\"https:\/\/gremidellibrers.com\/es\/el-llibreries-fest-crece-y-se-consolida-como-celebracion-del-dia-de-las-librerias\/\"]}]},{\"@type\":\"ImageObject\",\"inLanguage\":\"es\",\"@id\":\"https:\/\/gremidellibrers.com\/es\/el-llibreries-fest-crece-y-se-consolida-como-celebracion-del-dia-de-las-librerias\/#primaryimage\",\"url\":\"https:\/\/gremidellibrers.com\/wp-content\/uploads\/2024\/10\/Cartell-digital-Llibreries-Fest-2024-1.jpg\",\"contentUrl\":\"https:\/\/gremidellibrers.com\/wp-content\/uploads\/2024\/10\/Cartell-digital-Llibreries-Fest-2024-1.jpg\",\"width\":1102,\"height\":1581,\"caption\":\"Llibreries Fest 2024\"},{\"@type\":\"BreadcrumbList\",\"@id\":\"https:\/\/gremidellibrers.com\/es\/el-llibreries-fest-crece-y-se-consolida-como-celebracion-del-dia-de-las-librerias\/#breadcrumb\",\"itemListElement\":[{\"@type\":\"ListItem\",\"position\":1,\"name\":\"Home\",\"item\":\"https:\/\/gremidellibrers.com\/es\/\"},{\"@type\":\"ListItem\",\"position\":2,\"name\":\"El Llibreries Fest crece y se consolida como celebraci\u00f3n del D\u00eda de las Librer\u00edas\"}]},{\"@type\":\"WebSite\",\"@id\":\"https:\/\/gremidellibrers.com\/es\/#website\",\"url\":\"https:\/\/gremidellibrers.com\/es\/\",\"name\":\"Gremi de Llibrers\",\"description\":\"\",\"potentialAction\":[{\"@type\":\"SearchAction\",\"target\":{\"@type\":\"EntryPoint\",\"urlTemplate\":\"https:\/\/gremidellibrers.com\/es\/?s={search_term_string}\"},\"query-input\":{\"@type\":\"PropertyValueSpecification\",\"valueRequired\":true,\"valueName\":\"search_term_string\"}}],\"inLanguage\":\"es\"},{\"@type\":\"Person\",\"@id\":\"https:\/\/gremidellibrers.com\/es\/#\/schema\/person\/38789e69db1be6639ed00cfef378c49e\",\"name\":\"mibbo\",\"image\":{\"@type\":\"ImageObject\",\"inLanguage\":\"es\",\"@id\":\"https:\/\/gremidellibrers.com\/es\/#\/schema\/person\/image\/\",\"url\":\"https:\/\/secure.gravatar.com\/avatar\/8924df24df9e17a0afdccf11d177c168c3efabe5f47d930e6894ab19ae1f7a3b?s=96&d=mm&r=g\",\"contentUrl\":\"https:\/\/secure.gravatar.com\/avatar\/8924df24df9e17a0afdccf11d177c168c3efabe5f47d930e6894ab19ae1f7a3b?s=96&d=mm&r=g\",\"caption\":\"mibbo\"},\"sameAs\":[\"https:\/\/gremidellibrers.com\/\"],\"url\":\"https:\/\/gremidellibrers.com\/es\/author\/mibbo\/\"}]}<\/script>\n<!-- \/ Yoast SEO plugin. -->","yoast_head_json":{"title":"El Llibreries Fest crece y se consolida como celebraci\u00f3n del D\u00eda de las Librer\u00edas - Gremi de Llibrers","robots":{"index":"index","follow":"follow","max-snippet":"max-snippet:-1","max-image-preview":"max-image-preview:large","max-video-preview":"max-video-preview:-1"},"canonical":"https:\/\/gremidellibrers.com\/es\/el-llibreries-fest-crece-y-se-consolida-como-celebracion-del-dia-de-las-librerias\/","og_locale":"es_ES","og_type":"article","og_title":"El Llibreries Fest crece y se consolida como celebraci\u00f3n del D\u00eda de las Librer\u00edas - Gremi de Llibrers","og_description":"M\u00e1s de treinta librer\u00edas valencianas proponen los d\u00edas 7, 8, 9 y 11 de noviembre una variada oferta de actividades Treinta y dos librer\u00edas asociadas al Gremi de Llibrers de Val\u00e8ncia acoger\u00e1n actividades literarias, de cuentacuentos, teatrales y musicales los d\u00edas 7, 8, 9 y 11 noviembre, en el marco del Llibreries Fest 2024. Este&hellip;","og_url":"https:\/\/gremidellibrers.com\/es\/el-llibreries-fest-crece-y-se-consolida-como-celebracion-del-dia-de-las-librerias\/","og_site_name":"Gremi de Llibrers","article_published_time":"2024-10-24T12:16:04+00:00","article_modified_time":"2025-09-19T12:56:08+00:00","og_image":[{"width":1102,"height":1581,"url":"https:\/\/gremidellibrers.com\/wp-content\/uploads\/2024\/10\/Cartell-digital-Llibreries-Fest-2024-1.jpg","type":"image\/jpeg"}],"author":"mibbo","twitter_card":"summary_large_image","twitter_misc":{"Escrito por":"mibbo","Tiempo de lectura":"2 minutos"},"schema":{"@context":"https:\/\/schema.org","@graph":[{"@type":"WebPage","@id":"https:\/\/gremidellibrers.com\/es\/el-llibreries-fest-crece-y-se-consolida-como-celebracion-del-dia-de-las-librerias\/","url":"https:\/\/gremidellibrers.com\/es\/el-llibreries-fest-crece-y-se-consolida-como-celebracion-del-dia-de-las-librerias\/","name":"El Llibreries Fest crece y se consolida como celebraci\u00f3n del D\u00eda de las Librer\u00edas - Gremi de Llibrers","isPartOf":{"@id":"https:\/\/gremidellibrers.com\/es\/#website"},"primaryImageOfPage":{"@id":"https:\/\/gremidellibrers.com\/es\/el-llibreries-fest-crece-y-se-consolida-como-celebracion-del-dia-de-las-librerias\/#primaryimage"},"image":{"@id":"https:\/\/gremidellibrers.com\/es\/el-llibreries-fest-crece-y-se-consolida-como-celebracion-del-dia-de-las-librerias\/#primaryimage"},"thumbnailUrl":"https:\/\/gremidellibrers.com\/wp-content\/uploads\/2024\/10\/Cartell-digital-Llibreries-Fest-2024-1.jpg","datePublished":"2024-10-24T12:16:04+00:00","dateModified":"2025-09-19T12:56:08+00:00","author":{"@id":"https:\/\/gremidellibrers.com\/es\/#\/schema\/person\/38789e69db1be6639ed00cfef378c49e"},"breadcrumb":{"@id":"https:\/\/gremidellibrers.com\/es\/el-llibreries-fest-crece-y-se-consolida-como-celebracion-del-dia-de-las-librerias\/#breadcrumb"},"inLanguage":"es","potentialAction":[{"@type":"ReadAction","target":["https:\/\/gremidellibrers.com\/es\/el-llibreries-fest-crece-y-se-consolida-como-celebracion-del-dia-de-las-librerias\/"]}]},{"@type":"ImageObject","inLanguage":"es","@id":"https:\/\/gremidellibrers.com\/es\/el-llibreries-fest-crece-y-se-consolida-como-celebracion-del-dia-de-las-librerias\/#primaryimage","url":"https:\/\/gremidellibrers.com\/wp-content\/uploads\/2024\/10\/Cartell-digital-Llibreries-Fest-2024-1.jpg","contentUrl":"https:\/\/gremidellibrers.com\/wp-content\/uploads\/2024\/10\/Cartell-digital-Llibreries-Fest-2024-1.jpg","width":1102,"height":1581,"caption":"Llibreries Fest 2024"},{"@type":"BreadcrumbList","@id":"https:\/\/gremidellibrers.com\/es\/el-llibreries-fest-crece-y-se-consolida-como-celebracion-del-dia-de-las-librerias\/#breadcrumb","itemListElement":[{"@type":"ListItem","position":1,"name":"Home","item":"https:\/\/gremidellibrers.com\/es\/"},{"@type":"ListItem","position":2,"name":"El Llibreries Fest crece y se consolida como celebraci\u00f3n del D\u00eda de las Librer\u00edas"}]},{"@type":"WebSite","@id":"https:\/\/gremidellibrers.com\/es\/#website","url":"https:\/\/gremidellibrers.com\/es\/","name":"Gremi de Llibrers","description":"","potentialAction":[{"@type":"SearchAction","target":{"@type":"EntryPoint","urlTemplate":"https:\/\/gremidellibrers.com\/es\/?s={search_term_string}"},"query-input":{"@type":"PropertyValueSpecification","valueRequired":true,"valueName":"search_term_string"}}],"inLanguage":"es"},{"@type":"Person","@id":"https:\/\/gremidellibrers.com\/es\/#\/schema\/person\/38789e69db1be6639ed00cfef378c49e","name":"mibbo","image":{"@type":"ImageObject","inLanguage":"es","@id":"https:\/\/gremidellibrers.com\/es\/#\/schema\/person\/image\/","url":"https:\/\/secure.gravatar.com\/avatar\/8924df24df9e17a0afdccf11d177c168c3efabe5f47d930e6894ab19ae1f7a3b?s=96&d=mm&r=g","contentUrl":"https:\/\/secure.gravatar.com\/avatar\/8924df24df9e17a0afdccf11d177c168c3efabe5f47d930e6894ab19ae1f7a3b?s=96&d=mm&r=g","caption":"mibbo"},"sameAs":["https:\/\/gremidellibrers.com\/"],"url":"https:\/\/gremidellibrers.com\/es\/author\/mibbo\/"}]}},"_links":{"self":[{"href":"https:\/\/gremidellibrers.com\/es\/wp-json\/wp\/v2\/posts\/5002","targetHints":{"allow":["GET"]}}],"collection":[{"href":"https:\/\/gremidellibrers.com\/es\/wp-json\/wp\/v2\/posts"}],"about":[{"href":"https:\/\/gremidellibrers.com\/es\/wp-json\/wp\/v2\/types\/post"}],"author":[{"embeddable":true,"href":"https:\/\/gremidellibrers.com\/es\/wp-json\/wp\/v2\/users\/1"}],"replies":[{"embeddable":true,"href":"https:\/\/gremidellibrers.com\/es\/wp-json\/wp\/v2\/comments?post=5002"}],"version-history":[{"count":0,"href":"https:\/\/gremidellibrers.com\/es\/wp-json\/wp\/v2\/posts\/5002\/revisions"}],"wp:featuredmedia":[{"embeddable":true,"href":"https:\/\/gremidellibrers.com\/es\/wp-json\/wp\/v2\/media\/4999"}],"wp:attachment":[{"href":"https:\/\/gremidellibrers.com\/es\/wp-json\/wp\/v2\/media?parent=5002"}],"wp:term":[{"taxonomy":"category","embeddable":true,"href":"https:\/\/gremidellibrers.com\/es\/wp-json\/wp\/v2\/categories?post=5002"},{"taxonomy":"post_tag","embeddable":true,"href":"https:\/\/gremidellibrers.com\/es\/wp-json\/wp\/v2\/tags?post=5002"}],"curies":[{"name":"wp","href":"https:\/\/api.w.org\/{rel}","templated":true}]}}