{"id":5127,"date":"2025-02-11T10:29:49","date_gmt":"2025-02-11T08:29:49","guid":{"rendered":"https:\/\/gremidellibrers.com\/?p=5127"},"modified":"2025-09-19T14:56:09","modified_gmt":"2025-09-19T12:56:09","slug":"vuelve-60-fira-llibre-valencia","status":"publish","type":"post","link":"https:\/\/gremidellibrers.com\/es\/vuelve-60-fira-llibre-valencia\/","title":{"rendered":"Vuelve la Feria del Libro de Val\u00e8ncia, en la edici\u00f3n m\u00e1s especial"},"content":{"rendered":"<p lang=\"es-ES\" align=\"left\">La <b>Feria del Libro de Val\u00e8ncia<\/b>, que este a\u00f1o alcanza la 60<b> edici\u00f3n<\/b>, vuelve a su recinto habitual, los <b>Jardines del Real <\/b>de Val\u00e8ncia (Viveros). La edici\u00f3n de 2025 ja tiene las fechas confirmadas: se celebrar\u00e1 entre los d\u00edas <b>2<\/b><b>4<\/b><b> de abril y <\/b><b>4<\/b><b> de mayo<\/b>. Sin duda, el momento del a\u00f1o m\u00e1s esperado por el p\u00fablico lector valenciano.<\/p>\n<p lang=\"es-ES\" align=\"left\">Por su trayectoria, extensi\u00f3n y volumen de ventas, la Feria se consolida a\u00f1o tras a\u00f1o como el <b>principal evento alrededor del mundo del libro en Val\u00e8ncia<\/b>, y como la <b>segunda Feria en importancia del estado espa\u00f1ol<\/b>. De hecho en la edici\u00f3n de 2024 bati\u00f3 el r\u00e9cord de expositores, realiz\u00f3 m\u00e1s de 200 actividades de presentaciones de libros y de fomento de la lectura, y acogi\u00f3 m\u00e1s de 1000 firmas de autores y autoras.<\/p>\n<p lang=\"es-ES\" align=\"left\">Sin duda, ser\u00e1 una de las ediciones m\u00e1s especiales de la Feria. Por una parte, se celebrar\u00e1 la 60 edici\u00f3n de un evento que tambi\u00e9n cumple 40 ediciones en los Jardines del Real, un escenario emblem\u00e1tico. Dos aniversarios que merecen una celebraci\u00f3n singular. Por la otra, la <b>Feria puede ser un elemento clave en la recuperaci\u00f3n del sector del libro despu\u00e9s de la DANA<\/b>, gravemente afectado como es sabido. Se da la circunstancia que algunas <b>librer\u00edas<\/b> <b>afectadas <\/b>podr\u00e1n estar presentes en la Feria del Libro, con caseta propia, s<b>in haber podido abrir a\u00fan la librer\u00eda<\/b>.<\/p>\n<p lang=\"es-ES\" align=\"left\">En lo que respecta al formato, la Feria del Libro repetir\u00e1 la <b>f\u00f3rmula de \u00e9xito de los \u00faltimos a\u00f1os<\/b>. Adem\u00e1s de presentaciones de libros y firmas de autores y autoras, organizadas tanto por la Feria como por los expositores, habr\u00e1 clubes de lectura, debates, premios, actos literarios, actividades de fomento de la lectura destinadas al p\u00fablico escolar, etc.<\/p>\n","protected":false},"excerpt":{"rendered":"<p>La Feria del Libro de Val\u00e8ncia, que este a\u00f1o alcanza la 60 edici\u00f3n, vuelve a su recinto habitual, los Jardines del Real de Val\u00e8ncia (Viveros). La edici\u00f3n de 2025 ja tiene las fechas confirmadas: se celebrar\u00e1 entre los d\u00edas 24 de abril y 4 de mayo. Sin duda, el momento del a\u00f1o m\u00e1s esperado por&hellip;<\/p>\n","protected":false},"author":1,"featured_media":5129,"comment_status":"closed","ping_status":"closed","sticky":false,"template":"","format":"standard","meta":{"_acf_changed":false,"footnotes":""},"categories":[166],"tags":[179],"class_list":["post-5127","post","type-post","status-publish","format-standard","has-post-thumbnail","hentry","category-fira-del-llibre-de-valencia-es","tag-60-fira-del-llibre-de-valencia"],"acf":[],"yoast_head":"<!-- This site is optimized with the Yoast SEO plugin v26.6 - https:\/\/yoast.com\/wordpress\/plugins\/seo\/ -->\n<title>Vuelve la Feria del Libro de Val\u00e8ncia, en la edici\u00f3n m\u00e1s especial - Gremi de Llibrers<\/title>\n<meta name=\"robots\" content=\"index, follow, max-snippet:-1, max-image-preview:large, max-video-preview:-1\" \/>\n<link rel=\"canonical\" href=\"https:\/\/gremidellibrers.com\/es\/vuelve-60-fira-llibre-valencia\/\" \/>\n<meta property=\"og:locale\" content=\"es_ES\" \/>\n<meta property=\"og:type\" content=\"article\" \/>\n<meta property=\"og:title\" content=\"Vuelve la Feria del Libro de Val\u00e8ncia, en la edici\u00f3n m\u00e1s especial - Gremi de Llibrers\" \/>\n<meta property=\"og:description\" content=\"La Feria del Libro de Val\u00e8ncia, que este a\u00f1o alcanza la 60 edici\u00f3n, vuelve a su recinto habitual, los Jardines del Real de Val\u00e8ncia (Viveros). La edici\u00f3n de 2025 ja tiene las fechas confirmadas: se celebrar\u00e1 entre los d\u00edas 24 de abril y 4 de mayo. Sin duda, el momento del a\u00f1o m\u00e1s esperado por&hellip;\" \/>\n<meta property=\"og:url\" content=\"https:\/\/gremidellibrers.com\/es\/vuelve-60-fira-llibre-valencia\/\" \/>\n<meta property=\"og:site_name\" content=\"Gremi de Llibrers\" \/>\n<meta property=\"article:published_time\" content=\"2025-02-11T08:29:49+00:00\" \/>\n<meta property=\"article:modified_time\" content=\"2025-09-19T12:56:09+00:00\" \/>\n<meta property=\"og:image\" content=\"https:\/\/gremidellibrers.com\/wp-content\/uploads\/2025\/02\/60FLV-logo-provisional.jpg\" \/>\n\t<meta property=\"og:image:width\" content=\"1080\" \/>\n\t<meta property=\"og:image:height\" content=\"1080\" \/>\n\t<meta property=\"og:image:type\" content=\"image\/jpeg\" \/>\n<meta name=\"author\" content=\"mibbo\" \/>\n<meta name=\"twitter:card\" content=\"summary_large_image\" \/>\n<meta name=\"twitter:label1\" content=\"Escrito por\" \/>\n\t<meta name=\"twitter:data1\" content=\"mibbo\" \/>\n\t<meta name=\"twitter:label2\" content=\"Tiempo de lectura\" \/>\n\t<meta name=\"twitter:data2\" content=\"2 minutos\" \/>\n<script type=\"application\/ld+json\" class=\"yoast-schema-graph\">{\"@context\":\"https:\/\/schema.org\",\"@graph\":[{\"@type\":\"WebPage\",\"@id\":\"https:\/\/gremidellibrers.com\/es\/vuelve-60-fira-llibre-valencia\/\",\"url\":\"https:\/\/gremidellibrers.com\/es\/vuelve-60-fira-llibre-valencia\/\",\"name\":\"Vuelve la Feria del Libro de Val\u00e8ncia, en la edici\u00f3n m\u00e1s especial - Gremi de Llibrers\",\"isPartOf\":{\"@id\":\"https:\/\/gremidellibrers.com\/es\/#website\"},\"primaryImageOfPage\":{\"@id\":\"https:\/\/gremidellibrers.com\/es\/vuelve-60-fira-llibre-valencia\/#primaryimage\"},\"image\":{\"@id\":\"https:\/\/gremidellibrers.com\/es\/vuelve-60-fira-llibre-valencia\/#primaryimage\"},\"thumbnailUrl\":\"https:\/\/gremidellibrers.com\/wp-content\/uploads\/2025\/02\/60FLV-logo-provisional.jpg\",\"datePublished\":\"2025-02-11T08:29:49+00:00\",\"dateModified\":\"2025-09-19T12:56:09+00:00\",\"author\":{\"@id\":\"https:\/\/gremidellibrers.com\/es\/#\/schema\/person\/38789e69db1be6639ed00cfef378c49e\"},\"breadcrumb\":{\"@id\":\"https:\/\/gremidellibrers.com\/es\/vuelve-60-fira-llibre-valencia\/#breadcrumb\"},\"inLanguage\":\"es\",\"potentialAction\":[{\"@type\":\"ReadAction\",\"target\":[\"https:\/\/gremidellibrers.com\/es\/vuelve-60-fira-llibre-valencia\/\"]}]},{\"@type\":\"ImageObject\",\"inLanguage\":\"es\",\"@id\":\"https:\/\/gremidellibrers.com\/es\/vuelve-60-fira-llibre-valencia\/#primaryimage\",\"url\":\"https:\/\/gremidellibrers.com\/wp-content\/uploads\/2025\/02\/60FLV-logo-provisional.jpg\",\"contentUrl\":\"https:\/\/gremidellibrers.com\/wp-content\/uploads\/2025\/02\/60FLV-logo-provisional.jpg\",\"width\":1080,\"height\":1080,\"caption\":\"60FLV-logo-provisional\"},{\"@type\":\"BreadcrumbList\",\"@id\":\"https:\/\/gremidellibrers.com\/es\/vuelve-60-fira-llibre-valencia\/#breadcrumb\",\"itemListElement\":[{\"@type\":\"ListItem\",\"position\":1,\"name\":\"Home\",\"item\":\"https:\/\/gremidellibrers.com\/es\/\"},{\"@type\":\"ListItem\",\"position\":2,\"name\":\"Vuelve la Feria del Libro de Val\u00e8ncia, en la edici\u00f3n m\u00e1s especial\"}]},{\"@type\":\"WebSite\",\"@id\":\"https:\/\/gremidellibrers.com\/es\/#website\",\"url\":\"https:\/\/gremidellibrers.com\/es\/\",\"name\":\"Gremi de Llibrers\",\"description\":\"\",\"potentialAction\":[{\"@type\":\"SearchAction\",\"target\":{\"@type\":\"EntryPoint\",\"urlTemplate\":\"https:\/\/gremidellibrers.com\/es\/?s={search_term_string}\"},\"query-input\":{\"@type\":\"PropertyValueSpecification\",\"valueRequired\":true,\"valueName\":\"search_term_string\"}}],\"inLanguage\":\"es\"},{\"@type\":\"Person\",\"@id\":\"https:\/\/gremidellibrers.com\/es\/#\/schema\/person\/38789e69db1be6639ed00cfef378c49e\",\"name\":\"mibbo\",\"image\":{\"@type\":\"ImageObject\",\"inLanguage\":\"es\",\"@id\":\"https:\/\/gremidellibrers.com\/es\/#\/schema\/person\/image\/\",\"url\":\"https:\/\/secure.gravatar.com\/avatar\/8924df24df9e17a0afdccf11d177c168c3efabe5f47d930e6894ab19ae1f7a3b?s=96&d=mm&r=g\",\"contentUrl\":\"https:\/\/secure.gravatar.com\/avatar\/8924df24df9e17a0afdccf11d177c168c3efabe5f47d930e6894ab19ae1f7a3b?s=96&d=mm&r=g\",\"caption\":\"mibbo\"},\"sameAs\":[\"https:\/\/gremidellibrers.com\/\"],\"url\":\"https:\/\/gremidellibrers.com\/es\/author\/mibbo\/\"}]}<\/script>\n<!-- \/ Yoast SEO plugin. -->","yoast_head_json":{"title":"Vuelve la Feria del Libro de Val\u00e8ncia, en la edici\u00f3n m\u00e1s especial - Gremi de Llibrers","robots":{"index":"index","follow":"follow","max-snippet":"max-snippet:-1","max-image-preview":"max-image-preview:large","max-video-preview":"max-video-preview:-1"},"canonical":"https:\/\/gremidellibrers.com\/es\/vuelve-60-fira-llibre-valencia\/","og_locale":"es_ES","og_type":"article","og_title":"Vuelve la Feria del Libro de Val\u00e8ncia, en la edici\u00f3n m\u00e1s especial - Gremi de Llibrers","og_description":"La Feria del Libro de Val\u00e8ncia, que este a\u00f1o alcanza la 60 edici\u00f3n, vuelve a su recinto habitual, los Jardines del Real de Val\u00e8ncia (Viveros). La edici\u00f3n de 2025 ja tiene las fechas confirmadas: se celebrar\u00e1 entre los d\u00edas 24 de abril y 4 de mayo. Sin duda, el momento del a\u00f1o m\u00e1s esperado por&hellip;","og_url":"https:\/\/gremidellibrers.com\/es\/vuelve-60-fira-llibre-valencia\/","og_site_name":"Gremi de Llibrers","article_published_time":"2025-02-11T08:29:49+00:00","article_modified_time":"2025-09-19T12:56:09+00:00","og_image":[{"width":1080,"height":1080,"url":"https:\/\/gremidellibrers.com\/wp-content\/uploads\/2025\/02\/60FLV-logo-provisional.jpg","type":"image\/jpeg"}],"author":"mibbo","twitter_card":"summary_large_image","twitter_misc":{"Escrito por":"mibbo","Tiempo de lectura":"2 minutos"},"schema":{"@context":"https:\/\/schema.org","@graph":[{"@type":"WebPage","@id":"https:\/\/gremidellibrers.com\/es\/vuelve-60-fira-llibre-valencia\/","url":"https:\/\/gremidellibrers.com\/es\/vuelve-60-fira-llibre-valencia\/","name":"Vuelve la Feria del Libro de Val\u00e8ncia, en la edici\u00f3n m\u00e1s especial - Gremi de Llibrers","isPartOf":{"@id":"https:\/\/gremidellibrers.com\/es\/#website"},"primaryImageOfPage":{"@id":"https:\/\/gremidellibrers.com\/es\/vuelve-60-fira-llibre-valencia\/#primaryimage"},"image":{"@id":"https:\/\/gremidellibrers.com\/es\/vuelve-60-fira-llibre-valencia\/#primaryimage"},"thumbnailUrl":"https:\/\/gremidellibrers.com\/wp-content\/uploads\/2025\/02\/60FLV-logo-provisional.jpg","datePublished":"2025-02-11T08:29:49+00:00","dateModified":"2025-09-19T12:56:09+00:00","author":{"@id":"https:\/\/gremidellibrers.com\/es\/#\/schema\/person\/38789e69db1be6639ed00cfef378c49e"},"breadcrumb":{"@id":"https:\/\/gremidellibrers.com\/es\/vuelve-60-fira-llibre-valencia\/#breadcrumb"},"inLanguage":"es","potentialAction":[{"@type":"ReadAction","target":["https:\/\/gremidellibrers.com\/es\/vuelve-60-fira-llibre-valencia\/"]}]},{"@type":"ImageObject","inLanguage":"es","@id":"https:\/\/gremidellibrers.com\/es\/vuelve-60-fira-llibre-valencia\/#primaryimage","url":"https:\/\/gremidellibrers.com\/wp-content\/uploads\/2025\/02\/60FLV-logo-provisional.jpg","contentUrl":"https:\/\/gremidellibrers.com\/wp-content\/uploads\/2025\/02\/60FLV-logo-provisional.jpg","width":1080,"height":1080,"caption":"60FLV-logo-provisional"},{"@type":"BreadcrumbList","@id":"https:\/\/gremidellibrers.com\/es\/vuelve-60-fira-llibre-valencia\/#breadcrumb","itemListElement":[{"@type":"ListItem","position":1,"name":"Home","item":"https:\/\/gremidellibrers.com\/es\/"},{"@type":"ListItem","position":2,"name":"Vuelve la Feria del Libro de Val\u00e8ncia, en la edici\u00f3n m\u00e1s especial"}]},{"@type":"WebSite","@id":"https:\/\/gremidellibrers.com\/es\/#website","url":"https:\/\/gremidellibrers.com\/es\/","name":"Gremi de Llibrers","description":"","potentialAction":[{"@type":"SearchAction","target":{"@type":"EntryPoint","urlTemplate":"https:\/\/gremidellibrers.com\/es\/?s={search_term_string}"},"query-input":{"@type":"PropertyValueSpecification","valueRequired":true,"valueName":"search_term_string"}}],"inLanguage":"es"},{"@type":"Person","@id":"https:\/\/gremidellibrers.com\/es\/#\/schema\/person\/38789e69db1be6639ed00cfef378c49e","name":"mibbo","image":{"@type":"ImageObject","inLanguage":"es","@id":"https:\/\/gremidellibrers.com\/es\/#\/schema\/person\/image\/","url":"https:\/\/secure.gravatar.com\/avatar\/8924df24df9e17a0afdccf11d177c168c3efabe5f47d930e6894ab19ae1f7a3b?s=96&d=mm&r=g","contentUrl":"https:\/\/secure.gravatar.com\/avatar\/8924df24df9e17a0afdccf11d177c168c3efabe5f47d930e6894ab19ae1f7a3b?s=96&d=mm&r=g","caption":"mibbo"},"sameAs":["https:\/\/gremidellibrers.com\/"],"url":"https:\/\/gremidellibrers.com\/es\/author\/mibbo\/"}]}},"_links":{"self":[{"href":"https:\/\/gremidellibrers.com\/es\/wp-json\/wp\/v2\/posts\/5127","targetHints":{"allow":["GET"]}}],"collection":[{"href":"https:\/\/gremidellibrers.com\/es\/wp-json\/wp\/v2\/posts"}],"about":[{"href":"https:\/\/gremidellibrers.com\/es\/wp-json\/wp\/v2\/types\/post"}],"author":[{"embeddable":true,"href":"https:\/\/gremidellibrers.com\/es\/wp-json\/wp\/v2\/users\/1"}],"replies":[{"embeddable":true,"href":"https:\/\/gremidellibrers.com\/es\/wp-json\/wp\/v2\/comments?post=5127"}],"version-history":[{"count":0,"href":"https:\/\/gremidellibrers.com\/es\/wp-json\/wp\/v2\/posts\/5127\/revisions"}],"wp:featuredmedia":[{"embeddable":true,"href":"https:\/\/gremidellibrers.com\/es\/wp-json\/wp\/v2\/media\/5129"}],"wp:attachment":[{"href":"https:\/\/gremidellibrers.com\/es\/wp-json\/wp\/v2\/media?parent=5127"}],"wp:term":[{"taxonomy":"category","embeddable":true,"href":"https:\/\/gremidellibrers.com\/es\/wp-json\/wp\/v2\/categories?post=5127"},{"taxonomy":"post_tag","embeddable":true,"href":"https:\/\/gremidellibrers.com\/es\/wp-json\/wp\/v2\/tags?post=5127"}],"curies":[{"name":"wp","href":"https:\/\/api.w.org\/{rel}","templated":true}]}}