{"id":5168,"date":"2025-09-09T12:52:42","date_gmt":"2025-09-09T10:52:42","guid":{"rendered":"https:\/\/gremidellibrers.com\/?p=5168"},"modified":"2025-09-19T14:56:09","modified_gmt":"2025-09-19T12:56:09","slug":"mas-libros-mas-escuela-fomentamos-compra-libro-escolar-librerias","status":"publish","type":"post","link":"https:\/\/gremidellibrers.com\/es\/mas-libros-mas-escuela-fomentamos-compra-libro-escolar-librerias\/","title":{"rendered":"M\u00e1s libros, m\u00e1s escuela: fomentamos la compra del libro escolar en las librer\u00edas"},"content":{"rendered":"<p lang=\"es-ES\">\u00abM\u00e1s libros, m\u00e1s escuela. Encu\u00e9ntralos en tu librer\u00eda de proximidad\u00bb es el t\u00edtulo de la <b>campa\u00f1a del libro <\/b><b>e<\/b><b>s<\/b><b>colar<\/b><b> del curso 2025<\/b><b>-2026<\/b> que, un curso m\u00e1s ha puesto en marcha el Gremio de Libreros. El objetivo es <b>promover la compra del libro de texto en las librer\u00edas de confianza<\/b>, como manera de fomentar el <b>comercio de proximidad<\/b> y <b>hacer pueblo, barrio y ciudad<\/b>.<\/p>\n<p lang=\"es-ES\">La campa\u00f1a ha comenzado con el env\u00edo de una <a href=\"https:\/\/gremidellibrers.com\/\/wp-content\/uploads\/2025\/09\/carta_centres_llibre-text_2025.pdf\"><b>carta dirigida a los equipos directivos y asociaciones de pares y madres de los centros educativos<\/b><\/a> de ense\u00f1anza obligatoria, en la que se recuerda que la venta de libros de texto y materiales curriculares debe hacerse en las librer\u00edas u otros operadores que realizan la venta al cliente final. Lamentablemente <b>la normativa no siempre de cumple<\/b> y en el \u00e1mbito del libro de texto abundan las pr\u00e1cticas de competencia desleal, que el Gremio de Libreros vigila en la medida de sus posibilidades.<\/p>\n<p lang=\"es-ES\">\u00abM\u00e1s libros, m\u00e1s escuela. Encu\u00e9ntralos en tu librer\u00eda de proximidad\u00bb cuenta tambi\u00e9n con una <b>imagen propia<\/b>, dise\u00f1ada por la joven ilustradora valenciana <a href=\"https:\/\/olgamolla.com\/\">Olga Moll\u00e0<\/a>, que las familias podr\u00e1n llevarse en <b>formato bolsa<\/b> si compran sus libros de texto en las librer\u00edas agremiadas. Moll\u00e0 ya hab\u00eda participado en otras iniciativas del Gremi de Llibrers, como la pasada campa\u00f1a de Navidad y el festival Llibreries Fest.<\/p>\n","protected":false},"excerpt":{"rendered":"<p>\u00abM\u00e1s libros, m\u00e1s escuela. Encu\u00e9ntralos en tu librer\u00eda de proximidad\u00bb es el t\u00edtulo de la campa\u00f1a del libro escolar del curso 2025-2026 que, un curso m\u00e1s ha puesto en marcha el Gremio de Libreros. El objetivo es promover la compra del libro de texto en las librer\u00edas de confianza, como manera de fomentar el comercio&hellip;<\/p>\n","protected":false},"author":1,"featured_media":5178,"comment_status":"closed","ping_status":"closed","sticky":false,"template":"","format":"standard","meta":{"_acf_changed":false,"footnotes":""},"categories":[125],"tags":[127,177],"class_list":["post-5168","post","type-post","status-publish","format-standard","has-post-thumbnail","hentry","category-campanas","tag-libro-de-texto","tag-olga-molla-es"],"acf":[],"yoast_head":"<!-- This site is optimized with the Yoast SEO plugin v26.6 - https:\/\/yoast.com\/wordpress\/plugins\/seo\/ -->\n<title>M\u00e1s libros, m\u00e1s escuela: fomentamos la compra del libro escolar en las librer\u00edas - Gremi de Llibrers<\/title>\n<meta name=\"robots\" content=\"index, follow, max-snippet:-1, max-image-preview:large, max-video-preview:-1\" \/>\n<link rel=\"canonical\" href=\"https:\/\/gremidellibrers.com\/es\/mas-libros-mas-escuela-fomentamos-compra-libro-escolar-librerias\/\" \/>\n<meta property=\"og:locale\" content=\"es_ES\" \/>\n<meta property=\"og:type\" content=\"article\" \/>\n<meta property=\"og:title\" content=\"M\u00e1s libros, m\u00e1s escuela: fomentamos la compra del libro escolar en las librer\u00edas - Gremi de Llibrers\" \/>\n<meta property=\"og:description\" content=\"\u00abM\u00e1s libros, m\u00e1s escuela. Encu\u00e9ntralos en tu librer\u00eda de proximidad\u00bb es el t\u00edtulo de la campa\u00f1a del libro escolar del curso 2025-2026 que, un curso m\u00e1s ha puesto en marcha el Gremio de Libreros. El objetivo es promover la compra del libro de texto en las librer\u00edas de confianza, como manera de fomentar el comercio&hellip;\" \/>\n<meta property=\"og:url\" content=\"https:\/\/gremidellibrers.com\/es\/mas-libros-mas-escuela-fomentamos-compra-libro-escolar-librerias\/\" \/>\n<meta property=\"og:site_name\" content=\"Gremi de Llibrers\" \/>\n<meta property=\"article:published_time\" content=\"2025-09-09T10:52:42+00:00\" \/>\n<meta property=\"article:modified_time\" content=\"2025-09-19T12:56:09+00:00\" \/>\n<meta property=\"og:image\" content=\"https:\/\/gremidellibrers.com\/wp-content\/uploads\/2025\/09\/post-instagram-1-1.jpg\" \/>\n\t<meta property=\"og:image:width\" content=\"1080\" \/>\n\t<meta property=\"og:image:height\" content=\"1350\" \/>\n\t<meta property=\"og:image:type\" content=\"image\/jpeg\" \/>\n<meta name=\"author\" content=\"mibbo\" \/>\n<meta name=\"twitter:card\" content=\"summary_large_image\" \/>\n<meta name=\"twitter:label1\" content=\"Escrito por\" \/>\n\t<meta name=\"twitter:data1\" content=\"mibbo\" \/>\n\t<meta name=\"twitter:label2\" content=\"Tiempo de lectura\" \/>\n\t<meta name=\"twitter:data2\" content=\"1 minuto\" \/>\n<script type=\"application\/ld+json\" class=\"yoast-schema-graph\">{\"@context\":\"https:\/\/schema.org\",\"@graph\":[{\"@type\":\"WebPage\",\"@id\":\"https:\/\/gremidellibrers.com\/es\/mas-libros-mas-escuela-fomentamos-compra-libro-escolar-librerias\/\",\"url\":\"https:\/\/gremidellibrers.com\/es\/mas-libros-mas-escuela-fomentamos-compra-libro-escolar-librerias\/\",\"name\":\"M\u00e1s libros, m\u00e1s escuela: fomentamos la compra del libro escolar en las librer\u00edas - Gremi de Llibrers\",\"isPartOf\":{\"@id\":\"https:\/\/gremidellibrers.com\/es\/#website\"},\"primaryImageOfPage\":{\"@id\":\"https:\/\/gremidellibrers.com\/es\/mas-libros-mas-escuela-fomentamos-compra-libro-escolar-librerias\/#primaryimage\"},\"image\":{\"@id\":\"https:\/\/gremidellibrers.com\/es\/mas-libros-mas-escuela-fomentamos-compra-libro-escolar-librerias\/#primaryimage\"},\"thumbnailUrl\":\"https:\/\/gremidellibrers.com\/wp-content\/uploads\/2025\/09\/post-instagram-1-1.jpg\",\"datePublished\":\"2025-09-09T10:52:42+00:00\",\"dateModified\":\"2025-09-19T12:56:09+00:00\",\"author\":{\"@id\":\"https:\/\/gremidellibrers.com\/es\/#\/schema\/person\/38789e69db1be6639ed00cfef378c49e\"},\"breadcrumb\":{\"@id\":\"https:\/\/gremidellibrers.com\/es\/mas-libros-mas-escuela-fomentamos-compra-libro-escolar-librerias\/#breadcrumb\"},\"inLanguage\":\"es\",\"potentialAction\":[{\"@type\":\"ReadAction\",\"target\":[\"https:\/\/gremidellibrers.com\/es\/mas-libros-mas-escuela-fomentamos-compra-libro-escolar-librerias\/\"]}]},{\"@type\":\"ImageObject\",\"inLanguage\":\"es\",\"@id\":\"https:\/\/gremidellibrers.com\/es\/mas-libros-mas-escuela-fomentamos-compra-libro-escolar-librerias\/#primaryimage\",\"url\":\"https:\/\/gremidellibrers.com\/wp-content\/uploads\/2025\/09\/post-instagram-1-1.jpg\",\"contentUrl\":\"https:\/\/gremidellibrers.com\/wp-content\/uploads\/2025\/09\/post-instagram-1-1.jpg\",\"width\":1080,\"height\":1350,\"caption\":\"M\u00e9s llibres, m\u00e9s escola\"},{\"@type\":\"BreadcrumbList\",\"@id\":\"https:\/\/gremidellibrers.com\/es\/mas-libros-mas-escuela-fomentamos-compra-libro-escolar-librerias\/#breadcrumb\",\"itemListElement\":[{\"@type\":\"ListItem\",\"position\":1,\"name\":\"Home\",\"item\":\"https:\/\/gremidellibrers.com\/es\/\"},{\"@type\":\"ListItem\",\"position\":2,\"name\":\"M\u00e1s libros, m\u00e1s escuela: fomentamos la compra del libro escolar en las librer\u00edas\"}]},{\"@type\":\"WebSite\",\"@id\":\"https:\/\/gremidellibrers.com\/es\/#website\",\"url\":\"https:\/\/gremidellibrers.com\/es\/\",\"name\":\"Gremi de Llibrers\",\"description\":\"\",\"potentialAction\":[{\"@type\":\"SearchAction\",\"target\":{\"@type\":\"EntryPoint\",\"urlTemplate\":\"https:\/\/gremidellibrers.com\/es\/?s={search_term_string}\"},\"query-input\":{\"@type\":\"PropertyValueSpecification\",\"valueRequired\":true,\"valueName\":\"search_term_string\"}}],\"inLanguage\":\"es\"},{\"@type\":\"Person\",\"@id\":\"https:\/\/gremidellibrers.com\/es\/#\/schema\/person\/38789e69db1be6639ed00cfef378c49e\",\"name\":\"mibbo\",\"image\":{\"@type\":\"ImageObject\",\"inLanguage\":\"es\",\"@id\":\"https:\/\/gremidellibrers.com\/es\/#\/schema\/person\/image\/\",\"url\":\"https:\/\/secure.gravatar.com\/avatar\/8924df24df9e17a0afdccf11d177c168c3efabe5f47d930e6894ab19ae1f7a3b?s=96&d=mm&r=g\",\"contentUrl\":\"https:\/\/secure.gravatar.com\/avatar\/8924df24df9e17a0afdccf11d177c168c3efabe5f47d930e6894ab19ae1f7a3b?s=96&d=mm&r=g\",\"caption\":\"mibbo\"},\"sameAs\":[\"https:\/\/gremidellibrers.com\/\"],\"url\":\"https:\/\/gremidellibrers.com\/es\/author\/mibbo\/\"}]}<\/script>\n<!-- \/ Yoast SEO plugin. -->","yoast_head_json":{"title":"M\u00e1s libros, m\u00e1s escuela: fomentamos la compra del libro escolar en las librer\u00edas - Gremi de Llibrers","robots":{"index":"index","follow":"follow","max-snippet":"max-snippet:-1","max-image-preview":"max-image-preview:large","max-video-preview":"max-video-preview:-1"},"canonical":"https:\/\/gremidellibrers.com\/es\/mas-libros-mas-escuela-fomentamos-compra-libro-escolar-librerias\/","og_locale":"es_ES","og_type":"article","og_title":"M\u00e1s libros, m\u00e1s escuela: fomentamos la compra del libro escolar en las librer\u00edas - Gremi de Llibrers","og_description":"\u00abM\u00e1s libros, m\u00e1s escuela. Encu\u00e9ntralos en tu librer\u00eda de proximidad\u00bb es el t\u00edtulo de la campa\u00f1a del libro escolar del curso 2025-2026 que, un curso m\u00e1s ha puesto en marcha el Gremio de Libreros. El objetivo es promover la compra del libro de texto en las librer\u00edas de confianza, como manera de fomentar el comercio&hellip;","og_url":"https:\/\/gremidellibrers.com\/es\/mas-libros-mas-escuela-fomentamos-compra-libro-escolar-librerias\/","og_site_name":"Gremi de Llibrers","article_published_time":"2025-09-09T10:52:42+00:00","article_modified_time":"2025-09-19T12:56:09+00:00","og_image":[{"width":1080,"height":1350,"url":"https:\/\/gremidellibrers.com\/wp-content\/uploads\/2025\/09\/post-instagram-1-1.jpg","type":"image\/jpeg"}],"author":"mibbo","twitter_card":"summary_large_image","twitter_misc":{"Escrito por":"mibbo","Tiempo de lectura":"1 minuto"},"schema":{"@context":"https:\/\/schema.org","@graph":[{"@type":"WebPage","@id":"https:\/\/gremidellibrers.com\/es\/mas-libros-mas-escuela-fomentamos-compra-libro-escolar-librerias\/","url":"https:\/\/gremidellibrers.com\/es\/mas-libros-mas-escuela-fomentamos-compra-libro-escolar-librerias\/","name":"M\u00e1s libros, m\u00e1s escuela: fomentamos la compra del libro escolar en las librer\u00edas - Gremi de Llibrers","isPartOf":{"@id":"https:\/\/gremidellibrers.com\/es\/#website"},"primaryImageOfPage":{"@id":"https:\/\/gremidellibrers.com\/es\/mas-libros-mas-escuela-fomentamos-compra-libro-escolar-librerias\/#primaryimage"},"image":{"@id":"https:\/\/gremidellibrers.com\/es\/mas-libros-mas-escuela-fomentamos-compra-libro-escolar-librerias\/#primaryimage"},"thumbnailUrl":"https:\/\/gremidellibrers.com\/wp-content\/uploads\/2025\/09\/post-instagram-1-1.jpg","datePublished":"2025-09-09T10:52:42+00:00","dateModified":"2025-09-19T12:56:09+00:00","author":{"@id":"https:\/\/gremidellibrers.com\/es\/#\/schema\/person\/38789e69db1be6639ed00cfef378c49e"},"breadcrumb":{"@id":"https:\/\/gremidellibrers.com\/es\/mas-libros-mas-escuela-fomentamos-compra-libro-escolar-librerias\/#breadcrumb"},"inLanguage":"es","potentialAction":[{"@type":"ReadAction","target":["https:\/\/gremidellibrers.com\/es\/mas-libros-mas-escuela-fomentamos-compra-libro-escolar-librerias\/"]}]},{"@type":"ImageObject","inLanguage":"es","@id":"https:\/\/gremidellibrers.com\/es\/mas-libros-mas-escuela-fomentamos-compra-libro-escolar-librerias\/#primaryimage","url":"https:\/\/gremidellibrers.com\/wp-content\/uploads\/2025\/09\/post-instagram-1-1.jpg","contentUrl":"https:\/\/gremidellibrers.com\/wp-content\/uploads\/2025\/09\/post-instagram-1-1.jpg","width":1080,"height":1350,"caption":"M\u00e9s llibres, m\u00e9s escola"},{"@type":"BreadcrumbList","@id":"https:\/\/gremidellibrers.com\/es\/mas-libros-mas-escuela-fomentamos-compra-libro-escolar-librerias\/#breadcrumb","itemListElement":[{"@type":"ListItem","position":1,"name":"Home","item":"https:\/\/gremidellibrers.com\/es\/"},{"@type":"ListItem","position":2,"name":"M\u00e1s libros, m\u00e1s escuela: fomentamos la compra del libro escolar en las librer\u00edas"}]},{"@type":"WebSite","@id":"https:\/\/gremidellibrers.com\/es\/#website","url":"https:\/\/gremidellibrers.com\/es\/","name":"Gremi de Llibrers","description":"","potentialAction":[{"@type":"SearchAction","target":{"@type":"EntryPoint","urlTemplate":"https:\/\/gremidellibrers.com\/es\/?s={search_term_string}"},"query-input":{"@type":"PropertyValueSpecification","valueRequired":true,"valueName":"search_term_string"}}],"inLanguage":"es"},{"@type":"Person","@id":"https:\/\/gremidellibrers.com\/es\/#\/schema\/person\/38789e69db1be6639ed00cfef378c49e","name":"mibbo","image":{"@type":"ImageObject","inLanguage":"es","@id":"https:\/\/gremidellibrers.com\/es\/#\/schema\/person\/image\/","url":"https:\/\/secure.gravatar.com\/avatar\/8924df24df9e17a0afdccf11d177c168c3efabe5f47d930e6894ab19ae1f7a3b?s=96&d=mm&r=g","contentUrl":"https:\/\/secure.gravatar.com\/avatar\/8924df24df9e17a0afdccf11d177c168c3efabe5f47d930e6894ab19ae1f7a3b?s=96&d=mm&r=g","caption":"mibbo"},"sameAs":["https:\/\/gremidellibrers.com\/"],"url":"https:\/\/gremidellibrers.com\/es\/author\/mibbo\/"}]}},"_links":{"self":[{"href":"https:\/\/gremidellibrers.com\/es\/wp-json\/wp\/v2\/posts\/5168","targetHints":{"allow":["GET"]}}],"collection":[{"href":"https:\/\/gremidellibrers.com\/es\/wp-json\/wp\/v2\/posts"}],"about":[{"href":"https:\/\/gremidellibrers.com\/es\/wp-json\/wp\/v2\/types\/post"}],"author":[{"embeddable":true,"href":"https:\/\/gremidellibrers.com\/es\/wp-json\/wp\/v2\/users\/1"}],"replies":[{"embeddable":true,"href":"https:\/\/gremidellibrers.com\/es\/wp-json\/wp\/v2\/comments?post=5168"}],"version-history":[{"count":0,"href":"https:\/\/gremidellibrers.com\/es\/wp-json\/wp\/v2\/posts\/5168\/revisions"}],"wp:featuredmedia":[{"embeddable":true,"href":"https:\/\/gremidellibrers.com\/es\/wp-json\/wp\/v2\/media\/5178"}],"wp:attachment":[{"href":"https:\/\/gremidellibrers.com\/es\/wp-json\/wp\/v2\/media?parent=5168"}],"wp:term":[{"taxonomy":"category","embeddable":true,"href":"https:\/\/gremidellibrers.com\/es\/wp-json\/wp\/v2\/categories?post=5168"},{"taxonomy":"post_tag","embeddable":true,"href":"https:\/\/gremidellibrers.com\/es\/wp-json\/wp\/v2\/tags?post=5168"}],"curies":[{"name":"wp","href":"https:\/\/api.w.org\/{rel}","templated":true}]}}