{"id":8103,"date":"2026-01-26T11:57:42","date_gmt":"2026-01-26T10:57:42","guid":{"rendered":"https:\/\/gremidellibrers.com\/?p=8103"},"modified":"2026-01-26T12:24:24","modified_gmt":"2026-01-26T11:24:24","slug":"inscripciones-abiertas-para-la-61-fira-del-llibre-de-valencia","status":"publish","type":"post","link":"https:\/\/gremidellibrers.com\/es\/inscripciones-abiertas-para-la-61-fira-del-llibre-de-valencia\/","title":{"rendered":"Inscripciones abiertas para la 61 Fira del Llibre de Val\u00e8ncia"},"content":{"rendered":"\n<p>Se han abierto las inscripciones para expositores de la 61 Fira del Llibre de Val\u00e8ncia, que tendr\u00e1 lugar del 30 de abril al 10 de mayo en los Jardines del Real.<\/p>\n\n\n\n<p>Pueden participar librer\u00edas, editoriales y distribuidoras.<\/p>\n\n\n\n<p>Inscripciones hasta el 1 de febrero en <a href=\"https:\/\/firallibre.com\">https:\/\/firallibre.com<\/a>.<\/p>\n","protected":false},"excerpt":{"rendered":"<p>Se han abierto las inscripciones para expositores de la 61 Fira del Llibre de Val\u00e8ncia, que tendr\u00e1 lugar del 30 de abril al 10 de mayo en los Jardines del Real. Pueden participar librer\u00edas, editoriales y distribuidoras. Inscripciones hasta el 1 de febrero en https:\/\/firallibre.com.<\/p>\n","protected":false},"author":3,"featured_media":8105,"comment_status":"closed","ping_status":"closed","sticky":false,"template":"","format":"standard","meta":{"_acf_changed":false,"footnotes":""},"categories":[166],"tags":[603,605],"class_list":["post-8103","post","type-post","status-publish","format-standard","has-post-thumbnail","hentry","category-fira-del-llibre-de-valencia-es","tag-61-fira-del-llibre-de-valencia","tag-valencia"],"acf":[],"yoast_head":"<!-- This site is optimized with the Yoast SEO plugin v26.6 - https:\/\/yoast.com\/wordpress\/plugins\/seo\/ -->\n<title>Inscripciones abiertas para la 61 Fira del Llibre de Val\u00e8ncia - Gremi de Llibrers<\/title>\n<meta name=\"description\" content=\"Se han abierto las inscripciones para expositores de la 61 Fira del Llibre de Val\u00e8ncia, que tendr\u00e1 lugar del 30 de abril al 10 de mayo en los Jardines del Real.\" \/>\n<meta name=\"robots\" content=\"index, follow, max-snippet:-1, max-image-preview:large, max-video-preview:-1\" \/>\n<link rel=\"canonical\" href=\"https:\/\/gremidellibrers.com\/es\/inscripciones-abiertas-para-la-61-fira-del-llibre-de-valencia\/\" \/>\n<meta property=\"og:locale\" content=\"es_ES\" \/>\n<meta property=\"og:type\" content=\"article\" \/>\n<meta property=\"og:title\" content=\"Inscripciones abiertas para la 61 Fira del Llibre de Val\u00e8ncia - Gremi de Llibrers\" \/>\n<meta property=\"og:description\" content=\"Se han abierto las inscripciones para expositores de la 61 Fira del Llibre de Val\u00e8ncia, que tendr\u00e1 lugar del 30 de abril al 10 de mayo en los Jardines del Real.\" \/>\n<meta property=\"og:url\" content=\"https:\/\/gremidellibrers.com\/es\/inscripciones-abiertas-para-la-61-fira-del-llibre-de-valencia\/\" \/>\n<meta property=\"og:site_name\" content=\"Gremi de Llibrers\" \/>\n<meta property=\"article:published_time\" content=\"2026-01-26T10:57:42+00:00\" \/>\n<meta property=\"article:modified_time\" content=\"2026-01-26T11:24:24+00:00\" \/>\n<meta property=\"og:image\" content=\"https:\/\/gremidellibrers.com\/wp-content\/uploads\/2026\/01\/61FLV-inscripcions-cas.jpg\" \/>\n\t<meta property=\"og:image:width\" content=\"1180\" \/>\n\t<meta property=\"og:image:height\" content=\"1180\" \/>\n\t<meta property=\"og:image:type\" content=\"image\/jpeg\" \/>\n<meta name=\"author\" content=\"gremillibrers\" \/>\n<meta name=\"twitter:card\" content=\"summary_large_image\" \/>\n<meta name=\"twitter:label1\" content=\"Escrito por\" \/>\n\t<meta name=\"twitter:data1\" content=\"gremillibrers\" \/>\n\t<meta name=\"twitter:label2\" content=\"Tiempo de lectura\" \/>\n\t<meta name=\"twitter:data2\" content=\"1 minuto\" \/>\n<script type=\"application\/ld+json\" class=\"yoast-schema-graph\">{\"@context\":\"https:\/\/schema.org\",\"@graph\":[{\"@type\":\"WebPage\",\"@id\":\"https:\/\/gremidellibrers.com\/es\/inscripciones-abiertas-para-la-61-fira-del-llibre-de-valencia\/\",\"url\":\"https:\/\/gremidellibrers.com\/es\/inscripciones-abiertas-para-la-61-fira-del-llibre-de-valencia\/\",\"name\":\"Inscripciones abiertas para la 61 Fira del Llibre de Val\u00e8ncia - Gremi de Llibrers\",\"isPartOf\":{\"@id\":\"https:\/\/gremidellibrers.com\/es\/#website\"},\"primaryImageOfPage\":{\"@id\":\"https:\/\/gremidellibrers.com\/es\/inscripciones-abiertas-para-la-61-fira-del-llibre-de-valencia\/#primaryimage\"},\"image\":{\"@id\":\"https:\/\/gremidellibrers.com\/es\/inscripciones-abiertas-para-la-61-fira-del-llibre-de-valencia\/#primaryimage\"},\"thumbnailUrl\":\"https:\/\/gremidellibrers.com\/wp-content\/uploads\/2026\/01\/61FLV-inscripcions-cas.jpg\",\"datePublished\":\"2026-01-26T10:57:42+00:00\",\"dateModified\":\"2026-01-26T11:24:24+00:00\",\"author\":{\"@id\":\"https:\/\/gremidellibrers.com\/es\/#\/schema\/person\/4141541ce5f06ac5f8e14f8b48f9833e\"},\"description\":\"Se han abierto las inscripciones para expositores de la 61 Fira del Llibre de Val\u00e8ncia, que tendr\u00e1 lugar del 30 de abril al 10 de mayo en los Jardines del Real.\",\"breadcrumb\":{\"@id\":\"https:\/\/gremidellibrers.com\/es\/inscripciones-abiertas-para-la-61-fira-del-llibre-de-valencia\/#breadcrumb\"},\"inLanguage\":\"es\",\"potentialAction\":[{\"@type\":\"ReadAction\",\"target\":[\"https:\/\/gremidellibrers.com\/es\/inscripciones-abiertas-para-la-61-fira-del-llibre-de-valencia\/\"]}]},{\"@type\":\"ImageObject\",\"inLanguage\":\"es\",\"@id\":\"https:\/\/gremidellibrers.com\/es\/inscripciones-abiertas-para-la-61-fira-del-llibre-de-valencia\/#primaryimage\",\"url\":\"https:\/\/gremidellibrers.com\/wp-content\/uploads\/2026\/01\/61FLV-inscripcions-cas.jpg\",\"contentUrl\":\"https:\/\/gremidellibrers.com\/wp-content\/uploads\/2026\/01\/61FLV-inscripcions-cas.jpg\",\"width\":1180,\"height\":1180},{\"@type\":\"BreadcrumbList\",\"@id\":\"https:\/\/gremidellibrers.com\/es\/inscripciones-abiertas-para-la-61-fira-del-llibre-de-valencia\/#breadcrumb\",\"itemListElement\":[{\"@type\":\"ListItem\",\"position\":1,\"name\":\"Home\",\"item\":\"https:\/\/gremidellibrers.com\/es\/\"},{\"@type\":\"ListItem\",\"position\":2,\"name\":\"Inscripciones abiertas para la 61 Fira del Llibre de Val\u00e8ncia\"}]},{\"@type\":\"WebSite\",\"@id\":\"https:\/\/gremidellibrers.com\/es\/#website\",\"url\":\"https:\/\/gremidellibrers.com\/es\/\",\"name\":\"Gremi de Llibrers\",\"description\":\"\",\"potentialAction\":[{\"@type\":\"SearchAction\",\"target\":{\"@type\":\"EntryPoint\",\"urlTemplate\":\"https:\/\/gremidellibrers.com\/es\/?s={search_term_string}\"},\"query-input\":{\"@type\":\"PropertyValueSpecification\",\"valueRequired\":true,\"valueName\":\"search_term_string\"}}],\"inLanguage\":\"es\"},{\"@type\":\"Person\",\"@id\":\"https:\/\/gremidellibrers.com\/es\/#\/schema\/person\/4141541ce5f06ac5f8e14f8b48f9833e\",\"name\":\"gremillibrers\",\"image\":{\"@type\":\"ImageObject\",\"inLanguage\":\"es\",\"@id\":\"https:\/\/gremidellibrers.com\/es\/#\/schema\/person\/image\/\",\"url\":\"https:\/\/secure.gravatar.com\/avatar\/d29c35f6df552fb65b115ac6ef6ae8e1905fb1b77d5060036d5da14da9599e73?s=96&d=mm&r=g\",\"contentUrl\":\"https:\/\/secure.gravatar.com\/avatar\/d29c35f6df552fb65b115ac6ef6ae8e1905fb1b77d5060036d5da14da9599e73?s=96&d=mm&r=g\",\"caption\":\"gremillibrers\"},\"url\":\"https:\/\/gremidellibrers.com\/es\/author\/gremillibrers\/\"}]}<\/script>\n<!-- \/ Yoast SEO plugin. -->","yoast_head_json":{"title":"Inscripciones abiertas para la 61 Fira del Llibre de Val\u00e8ncia - Gremi de Llibrers","description":"Se han abierto las inscripciones para expositores de la 61 Fira del Llibre de Val\u00e8ncia, que tendr\u00e1 lugar del 30 de abril al 10 de mayo en los Jardines del Real.","robots":{"index":"index","follow":"follow","max-snippet":"max-snippet:-1","max-image-preview":"max-image-preview:large","max-video-preview":"max-video-preview:-1"},"canonical":"https:\/\/gremidellibrers.com\/es\/inscripciones-abiertas-para-la-61-fira-del-llibre-de-valencia\/","og_locale":"es_ES","og_type":"article","og_title":"Inscripciones abiertas para la 61 Fira del Llibre de Val\u00e8ncia - Gremi de Llibrers","og_description":"Se han abierto las inscripciones para expositores de la 61 Fira del Llibre de Val\u00e8ncia, que tendr\u00e1 lugar del 30 de abril al 10 de mayo en los Jardines del Real.","og_url":"https:\/\/gremidellibrers.com\/es\/inscripciones-abiertas-para-la-61-fira-del-llibre-de-valencia\/","og_site_name":"Gremi de Llibrers","article_published_time":"2026-01-26T10:57:42+00:00","article_modified_time":"2026-01-26T11:24:24+00:00","og_image":[{"width":1180,"height":1180,"url":"https:\/\/gremidellibrers.com\/wp-content\/uploads\/2026\/01\/61FLV-inscripcions-cas.jpg","type":"image\/jpeg"}],"author":"gremillibrers","twitter_card":"summary_large_image","twitter_misc":{"Escrito por":"gremillibrers","Tiempo de lectura":"1 minuto"},"schema":{"@context":"https:\/\/schema.org","@graph":[{"@type":"WebPage","@id":"https:\/\/gremidellibrers.com\/es\/inscripciones-abiertas-para-la-61-fira-del-llibre-de-valencia\/","url":"https:\/\/gremidellibrers.com\/es\/inscripciones-abiertas-para-la-61-fira-del-llibre-de-valencia\/","name":"Inscripciones abiertas para la 61 Fira del Llibre de Val\u00e8ncia - Gremi de Llibrers","isPartOf":{"@id":"https:\/\/gremidellibrers.com\/es\/#website"},"primaryImageOfPage":{"@id":"https:\/\/gremidellibrers.com\/es\/inscripciones-abiertas-para-la-61-fira-del-llibre-de-valencia\/#primaryimage"},"image":{"@id":"https:\/\/gremidellibrers.com\/es\/inscripciones-abiertas-para-la-61-fira-del-llibre-de-valencia\/#primaryimage"},"thumbnailUrl":"https:\/\/gremidellibrers.com\/wp-content\/uploads\/2026\/01\/61FLV-inscripcions-cas.jpg","datePublished":"2026-01-26T10:57:42+00:00","dateModified":"2026-01-26T11:24:24+00:00","author":{"@id":"https:\/\/gremidellibrers.com\/es\/#\/schema\/person\/4141541ce5f06ac5f8e14f8b48f9833e"},"description":"Se han abierto las inscripciones para expositores de la 61 Fira del Llibre de Val\u00e8ncia, que tendr\u00e1 lugar del 30 de abril al 10 de mayo en los Jardines del Real.","breadcrumb":{"@id":"https:\/\/gremidellibrers.com\/es\/inscripciones-abiertas-para-la-61-fira-del-llibre-de-valencia\/#breadcrumb"},"inLanguage":"es","potentialAction":[{"@type":"ReadAction","target":["https:\/\/gremidellibrers.com\/es\/inscripciones-abiertas-para-la-61-fira-del-llibre-de-valencia\/"]}]},{"@type":"ImageObject","inLanguage":"es","@id":"https:\/\/gremidellibrers.com\/es\/inscripciones-abiertas-para-la-61-fira-del-llibre-de-valencia\/#primaryimage","url":"https:\/\/gremidellibrers.com\/wp-content\/uploads\/2026\/01\/61FLV-inscripcions-cas.jpg","contentUrl":"https:\/\/gremidellibrers.com\/wp-content\/uploads\/2026\/01\/61FLV-inscripcions-cas.jpg","width":1180,"height":1180},{"@type":"BreadcrumbList","@id":"https:\/\/gremidellibrers.com\/es\/inscripciones-abiertas-para-la-61-fira-del-llibre-de-valencia\/#breadcrumb","itemListElement":[{"@type":"ListItem","position":1,"name":"Home","item":"https:\/\/gremidellibrers.com\/es\/"},{"@type":"ListItem","position":2,"name":"Inscripciones abiertas para la 61 Fira del Llibre de Val\u00e8ncia"}]},{"@type":"WebSite","@id":"https:\/\/gremidellibrers.com\/es\/#website","url":"https:\/\/gremidellibrers.com\/es\/","name":"Gremi de Llibrers","description":"","potentialAction":[{"@type":"SearchAction","target":{"@type":"EntryPoint","urlTemplate":"https:\/\/gremidellibrers.com\/es\/?s={search_term_string}"},"query-input":{"@type":"PropertyValueSpecification","valueRequired":true,"valueName":"search_term_string"}}],"inLanguage":"es"},{"@type":"Person","@id":"https:\/\/gremidellibrers.com\/es\/#\/schema\/person\/4141541ce5f06ac5f8e14f8b48f9833e","name":"gremillibrers","image":{"@type":"ImageObject","inLanguage":"es","@id":"https:\/\/gremidellibrers.com\/es\/#\/schema\/person\/image\/","url":"https:\/\/secure.gravatar.com\/avatar\/d29c35f6df552fb65b115ac6ef6ae8e1905fb1b77d5060036d5da14da9599e73?s=96&d=mm&r=g","contentUrl":"https:\/\/secure.gravatar.com\/avatar\/d29c35f6df552fb65b115ac6ef6ae8e1905fb1b77d5060036d5da14da9599e73?s=96&d=mm&r=g","caption":"gremillibrers"},"url":"https:\/\/gremidellibrers.com\/es\/author\/gremillibrers\/"}]}},"_links":{"self":[{"href":"https:\/\/gremidellibrers.com\/es\/wp-json\/wp\/v2\/posts\/8103","targetHints":{"allow":["GET"]}}],"collection":[{"href":"https:\/\/gremidellibrers.com\/es\/wp-json\/wp\/v2\/posts"}],"about":[{"href":"https:\/\/gremidellibrers.com\/es\/wp-json\/wp\/v2\/types\/post"}],"author":[{"embeddable":true,"href":"https:\/\/gremidellibrers.com\/es\/wp-json\/wp\/v2\/users\/3"}],"replies":[{"embeddable":true,"href":"https:\/\/gremidellibrers.com\/es\/wp-json\/wp\/v2\/comments?post=8103"}],"version-history":[{"count":1,"href":"https:\/\/gremidellibrers.com\/es\/wp-json\/wp\/v2\/posts\/8103\/revisions"}],"predecessor-version":[{"id":8106,"href":"https:\/\/gremidellibrers.com\/es\/wp-json\/wp\/v2\/posts\/8103\/revisions\/8106"}],"wp:featuredmedia":[{"embeddable":true,"href":"https:\/\/gremidellibrers.com\/es\/wp-json\/wp\/v2\/media\/8105"}],"wp:attachment":[{"href":"https:\/\/gremidellibrers.com\/es\/wp-json\/wp\/v2\/media?parent=8103"}],"wp:term":[{"taxonomy":"category","embeddable":true,"href":"https:\/\/gremidellibrers.com\/es\/wp-json\/wp\/v2\/categories?post=8103"},{"taxonomy":"post_tag","embeddable":true,"href":"https:\/\/gremidellibrers.com\/es\/wp-json\/wp\/v2\/tags?post=8103"}],"curies":[{"name":"wp","href":"https:\/\/api.w.org\/{rel}","templated":true}]}}